{"id":10061,"date":"2018-05-08T16:47:21","date_gmt":"2018-05-08T19:47:21","guid":{"rendered":"http:\/\/www.crc.org.ar\/w\/?p=10061"},"modified":"2018-06-06T16:36:00","modified_gmt":"2018-06-06T19:36:00","slug":"alejandro-vera-rumbo-a-italia-para-la-regata-internacional-de-gavirate","status":"publish","type":"post","link":"https:\/\/crc.org.ar\/w\/alejandro-vera-rumbo-a-italia-para-la-regata-internacional-de-gavirate\/","title":{"rendered":"Alejandro Vera rumbo a Italia para  la Regata Internacional de Gavirate"},"content":{"rendered":"<p>(Martes 8 de mayo 2018). El remero del Club de Regatas Corrientes, <strong>Alejandro Vera<\/strong>, viaj\u00f3 a Italia, en donde desde este viernes competir\u00e1 en la XII edici\u00f3n de la Regata Internacional de para remo de Gavirate.<\/p>\n<p><!--more--><\/p>\n<p><a href=\"http:\/\/www.crc.org.ar\/w\/wp-content\/uploads\/2018\/05\/Vera-Subcampeon-Sudamericano1.jpeg\"><img loading=\"lazy\" decoding=\"async\" class=\"alignleft size-medium wp-image-10062\" src=\"http:\/\/www.crc.org.ar\/w\/wp-content\/uploads\/2018\/05\/Vera-Subcampeon-Sudamericano1-300x169.jpeg\" alt=\"\" width=\"300\" height=\"169\" srcset=\"https:\/\/crc.org.ar\/w\/wp-content\/uploads\/2018\/05\/Vera-Subcampeon-Sudamericano1-300x169.jpeg 300w, https:\/\/crc.org.ar\/w\/wp-content\/uploads\/2018\/05\/Vera-Subcampeon-Sudamericano1-768x432.jpeg 768w, https:\/\/crc.org.ar\/w\/wp-content\/uploads\/2018\/05\/Vera-Subcampeon-Sudamericano1-1024x576.jpeg 1024w, https:\/\/crc.org.ar\/w\/wp-content\/uploads\/2018\/05\/Vera-Subcampeon-Sudamericano1-800x450.jpeg 800w, https:\/\/crc.org.ar\/w\/wp-content\/uploads\/2018\/05\/Vera-Subcampeon-Sudamericano1.jpeg 1063w\" sizes=\"(max-width: 300px) 100vw, 300px\" \/><\/a>Con la presencia de remeros de Australia, Austria, B\u00e9lgica, Canad\u00e1, Francia, Israel, Italia, Jap\u00f3n, Lituania, M\u00e9xico, Polonia, Suiza, Suecia, Hungr\u00eda y Ucrania, entre otros, este fin de semana se llevar\u00e1 a cabo una de las competencias m\u00e1s tradicionales e importantes de remo.<\/p>\n<p>Se trataba de la XII edici\u00f3n de la Regata Internacional de para remo de Gavirate, que ser\u00e1 organizado por la Comisi\u00f3n de Regatas del Canottieri Gavirate, y ser\u00e1 fiscalizado por la Federazione Italiana Canottaggio.<\/p>\n<p>La competencia, que re\u00fane tanto al remo adaptado como convencional, comenzar\u00e1 el pr\u00f3ximo viernes y se prolongar\u00e1 hasta el domingo inclusive, en el centro de remo Gavirate en el imponente lago de Varese, con ocho andariveles de 2000 metros.<\/p>\n<p>Hasta all\u00ed, como hace un par de a\u00f1os atr\u00e1s en donde fue sometido a un riguroso examen m\u00e9dico por parte de la Federaci\u00f3n Internacional de Remo, llegar\u00e1 el remero del Club de Regatas Corrientes, <strong>Alejandro Vera<\/strong>.<\/p>\n<p>Vera, que el pasado fin de semana ya comenz\u00f3 su traves\u00eda al viejo continente, competir\u00e1 en la categor\u00eda Sculls PR1 M1x; habiendo tambi\u00e9n competencias para Scull femenino PR1 W1x; dobles mixtas Mix2x de PR2, y PR3 Mix4 + Mixto cu\u00e1druple.<\/p>\n<p>A la gran cita en la Provincia de Varese, Italia, llega Vera recientemente consagrado subcampe\u00f3n Sudamericano de remo adaptado, Chile 2018, en la laguna La Luz de Curauma, Valpara\u00edso.<\/p>\n<p>Vera antes de salir rumbo a Buenos Aires manifest\u00f3 que el primer objetivo es meterse a la final, y despu\u00e9s all\u00ed ver si puede quedar entre los cinco primeros, sabiendo que la empresa ser\u00e1 sumamente dif\u00edcil.<\/p>\n","protected":false},"excerpt":{"rendered":"<p>(Martes 8 de mayo 2018). El remero del Club de Regatas Corrientes, Alejandro Vera, viaj\u00f3 a Italia, en donde desde este viernes competir\u00e1 en la XII edici\u00f3n de la Regata Internacional de para remo de Gavirate. Con la presencia de remeros de Australia, Austria, B\u00e9lgica, Canad\u00e1, Francia, Israel, Italia, Jap\u00f3n, Lituania, M\u00e9xico, Polonia, Suiza, Suecia, &hellip;<\/p>\n","protected":false},"author":1,"featured_media":10062,"comment_status":"closed","ping_status":"open","sticky":false,"template":"","format":"standard","meta":{"footnotes":""},"categories":[18],"tags":[],"_links":{"self":[{"href":"https:\/\/crc.org.ar\/w\/wp-json\/wp\/v2\/posts\/10061"}],"collection":[{"href":"https:\/\/crc.org.ar\/w\/wp-json\/wp\/v2\/posts"}],"about":[{"href":"https:\/\/crc.org.ar\/w\/wp-json\/wp\/v2\/types\/post"}],"author":[{"embeddable":true,"href":"https:\/\/crc.org.ar\/w\/wp-json\/wp\/v2\/users\/1"}],"replies":[{"embeddable":true,"href":"https:\/\/crc.org.ar\/w\/wp-json\/wp\/v2\/comments?post=10061"}],"version-history":[{"count":1,"href":"https:\/\/crc.org.ar\/w\/wp-json\/wp\/v2\/posts\/10061\/revisions"}],"predecessor-version":[{"id":10063,"href":"https:\/\/crc.org.ar\/w\/wp-json\/wp\/v2\/posts\/10061\/revisions\/10063"}],"wp:featuredmedia":[{"embeddable":true,"href":"https:\/\/crc.org.ar\/w\/wp-json\/wp\/v2\/media\/10062"}],"wp:attachment":[{"href":"https:\/\/crc.org.ar\/w\/wp-json\/wp\/v2\/media?parent=10061"}],"wp:term":[{"taxonomy":"category","embeddable":true,"href":"https:\/\/crc.org.ar\/w\/wp-json\/wp\/v2\/categories?post=10061"},{"taxonomy":"post_tag","embeddable":true,"href":"https:\/\/crc.org.ar\/w\/wp-json\/wp\/v2\/tags?post=10061"}],"curies":[{"name":"wp","href":"https:\/\/api.w.org\/{rel}","templated":true}]}}