{"id":10067,"date":"2018-05-08T16:56:25","date_gmt":"2018-05-08T19:56:25","guid":{"rendered":"http:\/\/www.crc.org.ar\/w\/?p=10067"},"modified":"2018-05-24T15:55:04","modified_gmt":"2018-05-24T18:55:04","slug":"potrillo-arengo-el-deportista-destacado-del-mes-de-marzo","status":"publish","type":"post","link":"https:\/\/crc.org.ar\/w\/potrillo-arengo-el-deportista-destacado-del-mes-de-marzo\/","title":{"rendered":"\u201cPotrillo\u201d Arengo, el deportista  destacado del mes de marzo"},"content":{"rendered":"<p>(Martes 8 de mayo 2018). El basquetbolista <strong>Juan Pablo Arengo<\/strong>, tras la consagratoria actuaci\u00f3n del equipo de b\u00e1squetbol de primera divisi\u00f3n en la Liga de las Am\u00e9ricas, es el deportista destacado del mes de marzo del Club de Regatas Corrientes.<\/p>\n<p><!--more--><\/p>\n<p><a href=\"http:\/\/www.crc.org.ar\/w\/wp-content\/uploads\/2018\/05\/Arengo3.jpg\"><img loading=\"lazy\" decoding=\"async\" class=\"alignleft size-medium wp-image-10068\" src=\"http:\/\/www.crc.org.ar\/w\/wp-content\/uploads\/2018\/05\/Arengo3-300x230.jpg\" alt=\"\" width=\"300\" height=\"230\" srcset=\"https:\/\/crc.org.ar\/w\/wp-content\/uploads\/2018\/05\/Arengo3-300x230.jpg 300w, https:\/\/crc.org.ar\/w\/wp-content\/uploads\/2018\/05\/Arengo3-768x590.jpg 768w, https:\/\/crc.org.ar\/w\/wp-content\/uploads\/2018\/05\/Arengo3.jpg 781w\" sizes=\"(max-width: 300px) 100vw, 300px\" \/><\/a>Mucho trabajo tuvo la Direcci\u00f3n de Deportes y el Departamento de Prensa del Club de Regatas Corrientes para elegir al deportista destacado de la instituci\u00f3n en el mes de marzo de 2018.<\/p>\n<p>Es que las performances internacionales, los logros individuales y grupales, adem\u00e1s de grandes actuaciones a nivel nacional, regional, y local superaron cualquier expectativa so\u00f1ada.<\/p>\n<p><strong>ARENGO, EL ELEGIDO<br \/>\n<\/strong>El basquetbolista <strong>Juan Pablo Arengo<\/strong> fue el elegido, por la medalla de bronce lograda en la edici\u00f3n 2018 de la Liga de las Am\u00e9ricas, en donde equipo de Regatas Corrientes volvi\u00f3 a subirse a un podio internacional.<\/p>\n<p>El popular \u201cPotrillo\u201d mostr\u00f3 clase, compromiso y una tremenda entrega para estar a la altura de las circunstancias, especialmente en los dos cuadrangulares que la dirigencia \u201cremera\u201d organiz\u00f3 en el estadio de los sue\u00f1os.<\/p>\n<p><strong>VERA EN IGUALDAD<br \/>\n<\/strong>Quiz\u00e1s en el mismo nivel, con los mismos argumentos deportivos, est\u00e1 el remero <strong>Alejandro Vera,<\/strong> que en el Nordelta porte\u00f1o se qued\u00f3 con la medalla de oro en la Copa Am\u00e9rica 2018.<\/p>\n<p><strong>EN EL PODIO<br \/>\n<\/strong>En tanto que el tercer escal\u00f3n del podio es para el promisorio nadador <strong>Ignacio Salazar<\/strong>, que cumpli\u00f3 una destacada performance en el Circuito Boyado de Aguas Abiertas de la instituci\u00f3n, quedando segundo en la Clasificaci\u00f3n General.<\/p>\n<p><strong>GRANDES MOMENTOS<br \/>\n<\/strong>Recordemos que el 2018 es un a\u00f1o especial para el Club de Regatas Corrientes. El pr\u00f3ximo 27 de septiembre estar\u00e1 cumpliendo 95 a\u00f1os de vida, y, en el mes de diciembre, se elegir\u00e1 al Regatas de Oro, en la edici\u00f3n XXX de los Premios Regatas.<\/p>\n<p>La Direcci\u00f3n de Deportes de la instituci\u00f3n, conjuntamente con el Departamento de Prensa, como desde 1989 ya se encuentra trabajando para la entrega de los Premios Regatas 2018, con importantes novedades, como destacar a un deportista por mes.<\/p>\n","protected":false},"excerpt":{"rendered":"<p>(Martes 8 de mayo 2018). El basquetbolista Juan Pablo Arengo, tras la consagratoria actuaci\u00f3n del equipo de b\u00e1squetbol de primera divisi\u00f3n en la Liga de las Am\u00e9ricas, es el deportista destacado del mes de marzo del Club de Regatas Corrientes. Mucho trabajo tuvo la Direcci\u00f3n de Deportes y el Departamento de Prensa del Club de &hellip;<\/p>\n","protected":false},"author":1,"featured_media":10069,"comment_status":"closed","ping_status":"open","sticky":false,"template":"","format":"standard","meta":{"footnotes":""},"categories":[87,136],"tags":[],"_links":{"self":[{"href":"https:\/\/crc.org.ar\/w\/wp-json\/wp\/v2\/posts\/10067"}],"collection":[{"href":"https:\/\/crc.org.ar\/w\/wp-json\/wp\/v2\/posts"}],"about":[{"href":"https:\/\/crc.org.ar\/w\/wp-json\/wp\/v2\/types\/post"}],"author":[{"embeddable":true,"href":"https:\/\/crc.org.ar\/w\/wp-json\/wp\/v2\/users\/1"}],"replies":[{"embeddable":true,"href":"https:\/\/crc.org.ar\/w\/wp-json\/wp\/v2\/comments?post=10067"}],"version-history":[{"count":1,"href":"https:\/\/crc.org.ar\/w\/wp-json\/wp\/v2\/posts\/10067\/revisions"}],"predecessor-version":[{"id":10070,"href":"https:\/\/crc.org.ar\/w\/wp-json\/wp\/v2\/posts\/10067\/revisions\/10070"}],"wp:featuredmedia":[{"embeddable":true,"href":"https:\/\/crc.org.ar\/w\/wp-json\/wp\/v2\/media\/10069"}],"wp:attachment":[{"href":"https:\/\/crc.org.ar\/w\/wp-json\/wp\/v2\/media?parent=10067"}],"wp:term":[{"taxonomy":"category","embeddable":true,"href":"https:\/\/crc.org.ar\/w\/wp-json\/wp\/v2\/categories?post=10067"},{"taxonomy":"post_tag","embeddable":true,"href":"https:\/\/crc.org.ar\/w\/wp-json\/wp\/v2\/tags?post=10067"}],"curies":[{"name":"wp","href":"https:\/\/api.w.org\/{rel}","templated":true}]}}