{"id":10109,"date":"2018-05-10T19:52:18","date_gmt":"2018-05-10T22:52:18","guid":{"rendered":"http:\/\/www.crc.org.ar\/w\/?p=10109"},"modified":"2018-06-06T17:07:23","modified_gmt":"2018-06-06T20:07:23","slug":"alejandro-vera-clasifica-en-la-regata-internacional-de-gavirate","status":"publish","type":"post","link":"https:\/\/crc.org.ar\/w\/alejandro-vera-clasifica-en-la-regata-internacional-de-gavirate\/","title":{"rendered":"Alejandro Vera clasifica en la Regata Internacional de Gavirate"},"content":{"rendered":"<p>(Jueves 10 de mayo 2018). El remero del Club de Regatas Corrientes, <strong>Alejandro Vera<\/strong>, comenzar\u00e1 este viernes a competir en la XII edici\u00f3n de la Regata Internacional de para remo de Gavirate. Veintinueve pa\u00edses, en al categor\u00eda del Regatas de Oro 2017, le dar\u00e1n vida a las eliminatorias.<\/p>\n<p><!--more--><\/p>\n<p><a href=\"http:\/\/www.crc.org.ar\/w\/wp-content\/uploads\/2018\/04\/vera-1.jpeg\"><img loading=\"lazy\" decoding=\"async\" class=\"alignleft size-medium wp-image-9767\" src=\"http:\/\/www.crc.org.ar\/w\/wp-content\/uploads\/2018\/04\/vera-1-300x213.jpeg\" alt=\"\" width=\"300\" height=\"213\" srcset=\"https:\/\/crc.org.ar\/w\/wp-content\/uploads\/2018\/04\/vera-1-300x213.jpeg 300w, https:\/\/crc.org.ar\/w\/wp-content\/uploads\/2018\/04\/vera-1-768x546.jpeg 768w, https:\/\/crc.org.ar\/w\/wp-content\/uploads\/2018\/04\/vera-1-800x569.jpeg 800w, https:\/\/crc.org.ar\/w\/wp-content\/uploads\/2018\/04\/vera-1.jpeg 831w\" sizes=\"(max-width: 300px) 100vw, 300px\" \/><\/a>Con la participaci\u00f3n de veintinueve atletas de otros tantos pa\u00edses, se disputar\u00e1 este viernes la clasificaci\u00f3n para la gran final de la XII edici\u00f3n de la Regata Internacional de para remo de Gavirate.<\/p>\n<p>Ser\u00e1 en la categor\u00eda single PR1 M1x, en donde dir\u00e1 presente el remero del Club de Regatas Corrientes, <strong>Alejandro Magno Vera<\/strong>, flamante subcampe\u00f3n Sudamericano en La Luz de Curauma, Valpara\u00edso (Chile).<\/p>\n<p>Ocho (8) remeros clasificar\u00e1n para la gran final a disputarse el s\u00e1bado, y entre los m\u00e1ximos favoritos se encuentran los representantes Australia, Austria, B\u00e9lgica, Canad\u00e1, Francia, Italia, Jap\u00f3n, Lituania, Polonia, Suiza, Suecia, Hungr\u00eda y Ucrania, entre otros.<\/p>\n<p>Recordemos que Vera, que se encuentra en Italia con el entrenador de la Selecci\u00f3n Nacional <strong>Esteban Briguglio<\/strong> y el remero <strong>Braian Marsiglia<\/strong> (PR2 M1X), tiene como principal objetivo meterse en la final.<\/p>\n<p>La competencia, que re\u00fane tanto al remo adaptado como convencional, se prolongar\u00e1 hasta el domingo inclusive en el centro de remo Gavirate en el imponente lago de Varese, con ocho andariveles de 2000 metros.<\/p>\n<p>Cabe se\u00f1alar que <strong>Alejandro Vera<\/strong> tendr\u00e1 un exigente fin de semana ya que el viernes ser\u00e1 la clasificaci\u00f3n de la primera regata. De llegar a la final, correr\u00e1 el s\u00e1bado por la ma\u00f1ana; y por la tarde ser\u00e1 la segunda clasificaci\u00f3n para la segunda final del domingo.<\/p>\n<p>&nbsp;<\/p>\n","protected":false},"excerpt":{"rendered":"<p>(Jueves 10 de mayo 2018). El remero del Club de Regatas Corrientes, Alejandro Vera, comenzar\u00e1 este viernes a competir en la XII edici\u00f3n de la Regata Internacional de para remo de Gavirate. Veintinueve pa\u00edses, en al categor\u00eda del Regatas de Oro 2017, le dar\u00e1n vida a las eliminatorias. Con la participaci\u00f3n de veintinueve atletas de &hellip;<\/p>\n","protected":false},"author":1,"featured_media":9767,"comment_status":"closed","ping_status":"open","sticky":false,"template":"","format":"standard","meta":{"footnotes":""},"categories":[18],"tags":[],"_links":{"self":[{"href":"https:\/\/crc.org.ar\/w\/wp-json\/wp\/v2\/posts\/10109"}],"collection":[{"href":"https:\/\/crc.org.ar\/w\/wp-json\/wp\/v2\/posts"}],"about":[{"href":"https:\/\/crc.org.ar\/w\/wp-json\/wp\/v2\/types\/post"}],"author":[{"embeddable":true,"href":"https:\/\/crc.org.ar\/w\/wp-json\/wp\/v2\/users\/1"}],"replies":[{"embeddable":true,"href":"https:\/\/crc.org.ar\/w\/wp-json\/wp\/v2\/comments?post=10109"}],"version-history":[{"count":1,"href":"https:\/\/crc.org.ar\/w\/wp-json\/wp\/v2\/posts\/10109\/revisions"}],"predecessor-version":[{"id":10110,"href":"https:\/\/crc.org.ar\/w\/wp-json\/wp\/v2\/posts\/10109\/revisions\/10110"}],"wp:featuredmedia":[{"embeddable":true,"href":"https:\/\/crc.org.ar\/w\/wp-json\/wp\/v2\/media\/9767"}],"wp:attachment":[{"href":"https:\/\/crc.org.ar\/w\/wp-json\/wp\/v2\/media?parent=10109"}],"wp:term":[{"taxonomy":"category","embeddable":true,"href":"https:\/\/crc.org.ar\/w\/wp-json\/wp\/v2\/categories?post=10109"},{"taxonomy":"post_tag","embeddable":true,"href":"https:\/\/crc.org.ar\/w\/wp-json\/wp\/v2\/tags?post=10109"}],"curies":[{"name":"wp","href":"https:\/\/api.w.org\/{rel}","templated":true}]}}