{"id":10146,"date":"2018-05-14T00:01:40","date_gmt":"2018-05-14T03:01:40","guid":{"rendered":"http:\/\/www.crc.org.ar\/w\/?p=10146"},"modified":"2018-06-07T16:44:49","modified_gmt":"2018-06-07T19:44:49","slug":"alejandro-vera-siguio-bajando-tiempos-y-quedo-entres-los-diez-mejores-en-italia","status":"publish","type":"post","link":"https:\/\/crc.org.ar\/w\/alejandro-vera-siguio-bajando-tiempos-y-quedo-entres-los-diez-mejores-en-italia\/","title":{"rendered":"Alejandro Vera sigui\u00f3 bajando tiempos  y qued\u00f3 entres los diez mejores en Italia"},"content":{"rendered":"<p>(Domingo 13 de mayo 2018). El remero del Club de Regatas Corrientes, Alejandro Vera, qued\u00f3 d\u00e9cimo en la segunda competencia que se llev\u00f3 a cabo este domingo en la XII edici\u00f3n de la Regata Internacional de para remo de Gavirate. En la eliminatoria, entre 20 remeros, qued\u00f3 a un paso de la Final \u201cA\u201d, quedando tercero.<\/p>\n<p><!--more--><\/p>\n<p>El remero del Club de Regatas Corrientes, Alejandro Vera, finaliz\u00f3 este domingo en la segunda ubicaci\u00f3n en la Final \u201cB\u201d de la XII edici\u00f3n de la Regata Internacional de para remo de Gavirate, Italia.<\/p>\n<div id='gallery-1' class='gallery galleryid-10146 gallery-columns-4 gallery-size-thumbnail'><figure class='gallery-item'>\n\t\t\t<div class='gallery-icon landscape'>\n\t\t\t\t<a href='https:\/\/crc.org.ar\/w\/wp-content\/uploads\/2018\/05\/Vera.jpeg'><img loading=\"lazy\" decoding=\"async\" width=\"150\" height=\"150\" src=\"https:\/\/crc.org.ar\/w\/wp-content\/uploads\/2018\/05\/Vera-150x150.jpeg\" class=\"attachment-thumbnail size-thumbnail\" alt=\"\" srcset=\"https:\/\/crc.org.ar\/w\/wp-content\/uploads\/2018\/05\/Vera-150x150.jpeg 150w, https:\/\/crc.org.ar\/w\/wp-content\/uploads\/2018\/05\/Vera-100x100.jpeg 100w\" sizes=\"(max-width: 150px) 100vw, 150px\" \/><\/a>\n\t\t\t<\/div><\/figure><figure class='gallery-item'>\n\t\t\t<div class='gallery-icon portrait'>\n\t\t\t\t<a href='https:\/\/crc.org.ar\/w\/wp-content\/uploads\/2018\/05\/Vera1.jpeg'><img loading=\"lazy\" decoding=\"async\" width=\"150\" height=\"150\" src=\"https:\/\/crc.org.ar\/w\/wp-content\/uploads\/2018\/05\/Vera1-150x150.jpeg\" class=\"attachment-thumbnail size-thumbnail\" alt=\"\" srcset=\"https:\/\/crc.org.ar\/w\/wp-content\/uploads\/2018\/05\/Vera1-150x150.jpeg 150w, https:\/\/crc.org.ar\/w\/wp-content\/uploads\/2018\/05\/Vera1-100x100.jpeg 100w\" sizes=\"(max-width: 150px) 100vw, 150px\" \/><\/a>\n\t\t\t<\/div><\/figure><figure class='gallery-item'>\n\t\t\t<div class='gallery-icon portrait'>\n\t\t\t\t<a href='https:\/\/crc.org.ar\/w\/wp-content\/uploads\/2018\/05\/Vera2.jpeg'><img loading=\"lazy\" decoding=\"async\" width=\"150\" height=\"150\" src=\"https:\/\/crc.org.ar\/w\/wp-content\/uploads\/2018\/05\/Vera2-150x150.jpeg\" class=\"attachment-thumbnail size-thumbnail\" alt=\"\" srcset=\"https:\/\/crc.org.ar\/w\/wp-content\/uploads\/2018\/05\/Vera2-150x150.jpeg 150w, https:\/\/crc.org.ar\/w\/wp-content\/uploads\/2018\/05\/Vera2-100x100.jpeg 100w\" sizes=\"(max-width: 150px) 100vw, 150px\" \/><\/a>\n\t\t\t<\/div><\/figure><figure class='gallery-item'>\n\t\t\t<div class='gallery-icon landscape'>\n\t\t\t\t<a href='https:\/\/crc.org.ar\/w\/wp-content\/uploads\/2018\/05\/vera3.jpeg'><img loading=\"lazy\" decoding=\"async\" width=\"150\" height=\"150\" src=\"https:\/\/crc.org.ar\/w\/wp-content\/uploads\/2018\/05\/vera3-150x150.jpeg\" class=\"attachment-thumbnail size-thumbnail\" alt=\"\" srcset=\"https:\/\/crc.org.ar\/w\/wp-content\/uploads\/2018\/05\/vera3-150x150.jpeg 150w, https:\/\/crc.org.ar\/w\/wp-content\/uploads\/2018\/05\/vera3-100x100.jpeg 100w\" sizes=\"(max-width: 150px) 100vw, 150px\" \/><\/a>\n\t\t\t<\/div><\/figure>\n\t\t<\/div>\n\n<p>Alejandro Vera, en la categor\u00eda single PR1 M1x, utiliz\u00f3 un tiempo de 11 minutos, 6 segundos y 8 cent\u00e9simas, para recorrer los 2000 metros en el centro de remo Gavirate en el lago de Varese, Italia.<\/p>\n<p>El ganador de la prueba fue el belga Louis Toussaint con un tiempo de 10\u201954\u201d01\/100. En tanto el tercero fue el lituano Augustas Navickas con un registro de 11\u201917\u201d03\/100, y el cuarto el h\u00fangaro Zsolt Peto con un tiempo de 11&#8217;21&#8243;00\/100.<\/p>\n<p>De esta manera Alejandro Vera qued\u00f3 entre los diez mejores tiempos de la segunda regata internacional en Gavirate; que finaliz\u00f3 este domingo con marcado \u00e9xito y con las finales de la regatas convencionales.<\/p>\n<p>Recordemos que \u201cAle\u201d Vera, Regatas de Oro 2017, se encontr\u00f3 en Italia con el entrenador de la Selecci\u00f3n Nacional de para remo Esteban Briguglio y el remero Braian Marsiglia (PR2 M1X).<\/p>\n<p><strong>ELIMINATORIA<\/strong><br \/>\nEl s\u00e1bado, en tanto, Vera en la Eliminatoria (cuatro series de cinco remeros), qued\u00f3 a un paso de la Final &#8220;A&#8221; al ubicarse en la tercera posici\u00f3n, con un registro de 12 minutos, 44 segundos, y 01 cent\u00e9simas.<\/p>\n<p>Recordemos que ese mismo d\u00eda, Alejandro Vera hab\u00eda disputado la Final &#8220;B&#8221; de la primera regata internacional, en donde qued\u00f3 cuarto (entre los 12 mejores de la competencia) con un registro de 11 minutos, 8 segundos y 5 cent\u00e9simas.<\/p>\n<p>Cabe se\u00f1alar que el ganador de la Eliminatoria fue el ucraniano Rom\u00e1n Polianskyi con un tiempo de 11\u201944\u201d05\/100, seguido por el franc\u00e9s Julien Hardi con un registro de 12\u201929\u201d09\/100, ambos clasificados para la Final &#8220;A&#8221;.<\/p>\n<p>En tanto el ucraniano Pavlo Liahov acompa\u00f1\u00f3 a Vera a la Final &#8220;B&#8221; con un tiempo de 13&#8217;28&#8243;07\/100; demostrando la paridad de tiempos y el muy buen nivel exhibido por el remero del Club de Regatas Corrientes.<\/p>\n","protected":false},"excerpt":{"rendered":"<p>(Domingo 13 de mayo 2018). El remero del Club de Regatas Corrientes, Alejandro Vera, qued\u00f3 d\u00e9cimo en la segunda competencia que se llev\u00f3 a cabo este domingo en la XII edici\u00f3n de la Regata Internacional de para remo de Gavirate. En la eliminatoria, entre 20 remeros, qued\u00f3 a un paso de la Final \u201cA\u201d, quedando &hellip;<\/p>\n","protected":false},"author":1,"featured_media":10147,"comment_status":"closed","ping_status":"open","sticky":false,"template":"","format":"standard","meta":{"footnotes":""},"categories":[18],"tags":[],"_links":{"self":[{"href":"https:\/\/crc.org.ar\/w\/wp-json\/wp\/v2\/posts\/10146"}],"collection":[{"href":"https:\/\/crc.org.ar\/w\/wp-json\/wp\/v2\/posts"}],"about":[{"href":"https:\/\/crc.org.ar\/w\/wp-json\/wp\/v2\/types\/post"}],"author":[{"embeddable":true,"href":"https:\/\/crc.org.ar\/w\/wp-json\/wp\/v2\/users\/1"}],"replies":[{"embeddable":true,"href":"https:\/\/crc.org.ar\/w\/wp-json\/wp\/v2\/comments?post=10146"}],"version-history":[{"count":1,"href":"https:\/\/crc.org.ar\/w\/wp-json\/wp\/v2\/posts\/10146\/revisions"}],"predecessor-version":[{"id":10151,"href":"https:\/\/crc.org.ar\/w\/wp-json\/wp\/v2\/posts\/10146\/revisions\/10151"}],"wp:featuredmedia":[{"embeddable":true,"href":"https:\/\/crc.org.ar\/w\/wp-json\/wp\/v2\/media\/10147"}],"wp:attachment":[{"href":"https:\/\/crc.org.ar\/w\/wp-json\/wp\/v2\/media?parent=10146"}],"wp:term":[{"taxonomy":"category","embeddable":true,"href":"https:\/\/crc.org.ar\/w\/wp-json\/wp\/v2\/categories?post=10146"},{"taxonomy":"post_tag","embeddable":true,"href":"https:\/\/crc.org.ar\/w\/wp-json\/wp\/v2\/tags?post=10146"}],"curies":[{"name":"wp","href":"https:\/\/api.w.org\/{rel}","templated":true}]}}