{"id":10613,"date":"2018-06-12T16:48:52","date_gmt":"2018-06-12T19:48:52","guid":{"rendered":"https:\/\/crc.org.ar\/w\/?p=10613"},"modified":"2018-07-04T16:37:44","modified_gmt":"2018-07-04T19:37:44","slug":"santiago-otaka-y-nahuel-quiroz-hicieron-podio-en-el-campeonato-de-velocidad-en-encarnacion","status":"publish","type":"post","link":"https:\/\/crc.org.ar\/w\/santiago-otaka-y-nahuel-quiroz-hicieron-podio-en-el-campeonato-de-velocidad-en-encarnacion\/","title":{"rendered":"Santiago Otaka y Nahuel Quiroz hicieron podio  en el Campeonato de Velocidad en Encarnaci\u00f3n"},"content":{"rendered":"<p>(Martes 12 de junio de 2017). Los remeros del Club de Regatas Corrientes, Santiago Otaka y Nahuel Quiroz, se colgaron la presea de bronce en la tercera fecha de Campeonato Paraguayo de Velocidad, que se corri\u00f3 el \u00faltimo s\u00e1bado en Encarnaci\u00f3n. Por razones clim\u00e1ticas la jornada del domingo fue suspendida.<\/p>\n<p><!--more--><\/p>\n<div id='gallery-1' class='gallery galleryid-10613 gallery-columns-4 gallery-size-thumbnail'><figure class='gallery-item'>\n\t\t\t<div class='gallery-icon landscape'>\n\t\t\t\t<a href='https:\/\/crc.org.ar\/w\/wp-content\/uploads\/2018\/06\/Podio-en-Encarnacion.jpg'><img loading=\"lazy\" decoding=\"async\" width=\"150\" height=\"150\" src=\"https:\/\/crc.org.ar\/w\/wp-content\/uploads\/2018\/06\/Podio-en-Encarnacion-150x150.jpg\" class=\"attachment-thumbnail size-thumbnail\" alt=\"\" \/><\/a>\n\t\t\t<\/div><\/figure><figure class='gallery-item'>\n\t\t\t<div class='gallery-icon landscape'>\n\t\t\t\t<a href='https:\/\/crc.org.ar\/w\/wp-content\/uploads\/2018\/06\/Podio-en-Encarnacion1.jpg'><img loading=\"lazy\" decoding=\"async\" width=\"150\" height=\"150\" src=\"https:\/\/crc.org.ar\/w\/wp-content\/uploads\/2018\/06\/Podio-en-Encarnacion1-150x150.jpg\" class=\"attachment-thumbnail size-thumbnail\" alt=\"\" \/><\/a>\n\t\t\t<\/div><\/figure><figure class='gallery-item'>\n\t\t\t<div class='gallery-icon landscape'>\n\t\t\t\t<a href='https:\/\/crc.org.ar\/w\/wp-content\/uploads\/2018\/06\/Podio-en-Encarnacion2.jpg'><img loading=\"lazy\" decoding=\"async\" width=\"150\" height=\"150\" src=\"https:\/\/crc.org.ar\/w\/wp-content\/uploads\/2018\/06\/Podio-en-Encarnacion2-150x150.jpg\" class=\"attachment-thumbnail size-thumbnail\" alt=\"\" \/><\/a>\n\t\t\t<\/div><\/figure><figure class='gallery-item'>\n\t\t\t<div class='gallery-icon landscape'>\n\t\t\t\t<a href='https:\/\/crc.org.ar\/w\/wp-content\/uploads\/2018\/06\/Podio-en-Encarnacion-Con-equipo.jpg'><img loading=\"lazy\" decoding=\"async\" width=\"150\" height=\"150\" src=\"https:\/\/crc.org.ar\/w\/wp-content\/uploads\/2018\/06\/Podio-en-Encarnacion-Con-equipo-150x150.jpg\" class=\"attachment-thumbnail size-thumbnail\" alt=\"\" \/><\/a>\n\t\t\t<\/div><\/figure>\n\t\t<\/div>\n\n<p>Los imponderables del tiempo son as\u00ed, m\u00e1s en deportes acu\u00e1ticos en donde son factores important\u00edsimo no s\u00f3lo para la competencia en s\u00ed, sino tambi\u00e9n por razones de seguridad de los deportistas.<\/p>\n<p>As\u00ed muchas veces los esfuerzos, el sacrificio, tanta log\u00edstica y organizaci\u00f3n queda desvanecida en una abrir y cerrar de ojos, tanto para los anfitriones como para las delegaciones que realizan importantes erogaciones para acudir da la cita.<\/p>\n<p>En este caso puntual, el \u00faltimo domingo fue suspendida la primera fecha del Campeonato Paraguayo de Remo en Encarnaci\u00f3n por razones clim\u00e1ticas; quedando supeditada la actividad al d\u00eda s\u00e1bado en donde se corri\u00f3 la tercera fecha del Campeonato de Velocidad.<\/p>\n<p>La competencia como es tradicional en Encarnaci\u00f3n se llev\u00f3 a cabo en el Arroyo Poti\u00b4y denominado \u201cPista Ciudad de Encarnaci\u00f3n\u201d, con una extensi\u00f3n aproximada de 2.000 metros.<\/p>\n<p><strong>AL PODIO<\/strong><br \/>\nHasta all\u00ed se llegaron delegaciones de Paraguay, Uruguay y de la Argentina, entre ellas la del Club de Regatas Corrientes, al frente de los entrenadores Mar\u00eda P\u00eda Pividori y Sebasti\u00e1n Bajac.<\/p>\n<p>En la producci\u00f3n m\u00e1s destacada del equipo de remo de Regatas Corrientes, en un 2x Junior, Santiago Otaka y Nahuel Quiroz se quedaron con el tercer puesto, por lo que lograron subir al podio y quedarse con sendas medallas de bronce.<\/p>\n<p>La embarcaci\u00f3n del Club Paysand\u00fa de Uruguay, y la local del Club Deportivo de Puerto Sajonia, en tanto, se quedaron con el primer y segundo puesto, respectivamente; en una competencia sumamente re\u00f1ida.<\/p>\n<p>En otros resultados del equipo \u201cremero\u201d correntino, Oriana Blundetto, en un 1x Menor \u201cB\u201d, finaliz\u00f3 en la quinta ubicaci\u00f3n, y Mar\u00eda Paz Adis, en un 1x Menor B, termin\u00f3 en la cuarta posici\u00f3n.<\/p>\n<p>Mientras que Diego Moreira y Atilio R\u00faveda, en un 2x Junior, finalizaron en la cuarta posici\u00f3n; y Diego Moreira, en un 1x Senior, termin\u00f3 sexto; en una de las categor\u00edas m\u00e1s competitivas de la activididad.<\/p>\n<p><strong>EQUIPO REGATENSE<\/strong><br \/>\nEl equipo regatense estuvo compuesto por Oriana Blundetto, Diego Moreira, Maximiliano Reischer, Atilio R\u00faveda, Augusto Ciumpalo, Santiago Otaka, Nahuel Quiroz, Mar\u00eda Luz Fedullo, Gabriel Centurion, Mar\u00eda Paz Adis.<\/p>\n","protected":false},"excerpt":{"rendered":"<p>(Martes 12 de junio de 2017). Los remeros del Club de Regatas Corrientes, Santiago Otaka y Nahuel Quiroz, se colgaron la presea de bronce en la tercera fecha de Campeonato Paraguayo de Velocidad, que se corri\u00f3 el \u00faltimo s\u00e1bado en Encarnaci\u00f3n. Por razones clim\u00e1ticas la jornada del domingo fue suspendida. Los imponderables del tiempo son &hellip;<\/p>\n","protected":false},"author":1,"featured_media":10614,"comment_status":"closed","ping_status":"open","sticky":false,"template":"","format":"standard","meta":{"footnotes":""},"categories":[18],"tags":[],"_links":{"self":[{"href":"https:\/\/crc.org.ar\/w\/wp-json\/wp\/v2\/posts\/10613"}],"collection":[{"href":"https:\/\/crc.org.ar\/w\/wp-json\/wp\/v2\/posts"}],"about":[{"href":"https:\/\/crc.org.ar\/w\/wp-json\/wp\/v2\/types\/post"}],"author":[{"embeddable":true,"href":"https:\/\/crc.org.ar\/w\/wp-json\/wp\/v2\/users\/1"}],"replies":[{"embeddable":true,"href":"https:\/\/crc.org.ar\/w\/wp-json\/wp\/v2\/comments?post=10613"}],"version-history":[{"count":1,"href":"https:\/\/crc.org.ar\/w\/wp-json\/wp\/v2\/posts\/10613\/revisions"}],"predecessor-version":[{"id":10618,"href":"https:\/\/crc.org.ar\/w\/wp-json\/wp\/v2\/posts\/10613\/revisions\/10618"}],"wp:featuredmedia":[{"embeddable":true,"href":"https:\/\/crc.org.ar\/w\/wp-json\/wp\/v2\/media\/10614"}],"wp:attachment":[{"href":"https:\/\/crc.org.ar\/w\/wp-json\/wp\/v2\/media?parent=10613"}],"wp:term":[{"taxonomy":"category","embeddable":true,"href":"https:\/\/crc.org.ar\/w\/wp-json\/wp\/v2\/categories?post=10613"},{"taxonomy":"post_tag","embeddable":true,"href":"https:\/\/crc.org.ar\/w\/wp-json\/wp\/v2\/tags?post=10613"}],"curies":[{"name":"wp","href":"https:\/\/api.w.org\/{rel}","templated":true}]}}