{"id":1065,"date":"2016-10-29T08:05:47","date_gmt":"2016-10-29T11:05:47","guid":{"rendered":"http:\/\/www.crc.org.ar\/w\/?p=1065"},"modified":"2016-10-29T08:05:47","modified_gmt":"2016-10-29T11:05:47","slug":"gran-performance-del-equipo-regatense-en-la-plata","status":"publish","type":"post","link":"https:\/\/crc.org.ar\/w\/gran-performance-del-equipo-regatense-en-la-plata\/","title":{"rendered":"Gran  performance del equipo regatense en La Plata"},"content":{"rendered":"<p>(Viernes 28 de octubre de 2016). El equipo de remo del Club de Regatas Corrientes cumpli\u00f3 una excelente actuaci\u00f3n en La Plata en el Regata Oficial 2016. <strong>Mar\u00eda Paz Adis <\/strong>logr\u00f3 la medalla de oro<strong>, Augusto Ciumpalo <\/strong>y<strong> Lisandro Arce <\/strong>la de plata, y<strong> Sara Giasenelli <\/strong>la de bronce.<!--more--><\/p>\n<p>El \u00faltimo fin de semana en aguas del R\u00edo Santiago, frente a las instalaciones del Club de Regatas La Plata, se llev\u00f3 a cabo la regata oficial del calendario de la Asociaci\u00f3n Argentina de Remo Aficionados (A.A.R.A.).<\/p>\n<p>El equipo de remo de Regatas Corrientes, bajo la conducci\u00f3n de <strong>Mar\u00eda P\u00eda Pividori,<\/strong> fue parte de la competencia, con un plantel integrado por <strong>Augusto Ciumpalo, Lisandro Arce, Camila Cabrera, Mar\u00eda Luz Ferullo, Mar\u00eda Paz Adis, <\/strong>y<strong> Sara Giasenelli.<\/strong><\/p>\n<p><strong>ORO<\/strong><br \/>\nEl domingo, <strong>Mar\u00eda Paz Adis<\/strong> (14 a\u00f1os), en un Single Cadete Femenino, sobre una distancia de 1000 metros, logr\u00f3 la presea de oro, postergando a los botes de San Nicol\u00e1s y Tigre Boat; en una actuaci\u00f3n consagratoria ya que es su segunda regata oficial.<\/p>\n<p><strong>PLATA<\/strong><br \/>\nPor su parte<strong> Augusto Ciumpalo <\/strong>(16 a\u00f1os) y<strong> Lisandro Arce<\/strong> (16 a\u00f1os) en un Dos Sin Menor, sobre 2000 metros, lograron una excelente segunda ubicaci\u00f3n, por lo que quedaron con la presea de plata.<\/p>\n<p>Recordemos que <strong>Ciumpalo <\/strong>y<strong> Arce<\/strong>, se encuentran en el Programa Juegos Ol\u00edmpicos de la Juventud, Buenos Aires 2018, participar\u00e1n de la regata internacional entre Argentina y Uruguay, a\u00a0 llevarse a cabo en Tigre este fin\u00a0 de semana.<\/p>\n<p><strong>BRONCE<\/strong><br \/>\nEn tanto, <strong>Sara Giasenelli (16 a\u00f1os) en un <\/strong>Single Menor Femenino sobre una distancia tambi\u00e9n de 2000 metros, se qued\u00f3 con la medalla de bronce; en tanto <strong>Mar\u00eda Luz Ferullo <\/strong>(15 a\u00f1os), no pudo sortear el corte eliminatorio pasando a la Final \u201cB\u201d.<\/p>\n<p>Cabe se\u00f1alar que <strong>Giasenelli<\/strong>, tambi\u00e9n se encuentra en el Programa Juegos Ol\u00edmpicos de la Juventud, Buenos Aires 2018, y viene de debutar internacionalmente en la regata de Valparaiso (Chile), entre los seleccionados de Argentina y Chile.<\/p>\n","protected":false},"excerpt":{"rendered":"<p>(Viernes 28 de octubre de 2016). El equipo de remo del Club de Regatas Corrientes cumpli\u00f3 una excelente actuaci\u00f3n en La Plata en el Regata Oficial 2016. Mar\u00eda Paz Adis logr\u00f3 la medalla de oro, Augusto Ciumpalo y Lisandro Arce la de plata, y Sara Giasenelli la de bronce. El \u00faltimo fin de semana en &hellip;<\/p>\n","protected":false},"author":1,"featured_media":1066,"comment_status":"open","ping_status":"open","sticky":false,"template":"","format":"standard","meta":{"footnotes":""},"categories":[18],"tags":[],"_links":{"self":[{"href":"https:\/\/crc.org.ar\/w\/wp-json\/wp\/v2\/posts\/1065"}],"collection":[{"href":"https:\/\/crc.org.ar\/w\/wp-json\/wp\/v2\/posts"}],"about":[{"href":"https:\/\/crc.org.ar\/w\/wp-json\/wp\/v2\/types\/post"}],"author":[{"embeddable":true,"href":"https:\/\/crc.org.ar\/w\/wp-json\/wp\/v2\/users\/1"}],"replies":[{"embeddable":true,"href":"https:\/\/crc.org.ar\/w\/wp-json\/wp\/v2\/comments?post=1065"}],"version-history":[{"count":1,"href":"https:\/\/crc.org.ar\/w\/wp-json\/wp\/v2\/posts\/1065\/revisions"}],"predecessor-version":[{"id":1067,"href":"https:\/\/crc.org.ar\/w\/wp-json\/wp\/v2\/posts\/1065\/revisions\/1067"}],"wp:featuredmedia":[{"embeddable":true,"href":"https:\/\/crc.org.ar\/w\/wp-json\/wp\/v2\/media\/1066"}],"wp:attachment":[{"href":"https:\/\/crc.org.ar\/w\/wp-json\/wp\/v2\/media?parent=1065"}],"wp:term":[{"taxonomy":"category","embeddable":true,"href":"https:\/\/crc.org.ar\/w\/wp-json\/wp\/v2\/categories?post=1065"},{"taxonomy":"post_tag","embeddable":true,"href":"https:\/\/crc.org.ar\/w\/wp-json\/wp\/v2\/tags?post=1065"}],"curies":[{"name":"wp","href":"https:\/\/api.w.org\/{rel}","templated":true}]}}