{"id":10978,"date":"2018-06-28T16:13:47","date_gmt":"2018-06-28T19:13:47","guid":{"rendered":"https:\/\/crc.org.ar\/w\/?p=10978"},"modified":"2018-07-16T18:49:16","modified_gmt":"2018-07-16T21:49:16","slug":"vera-concentro-y-entreno-en-tigre-para-el-selectivo-mundialista-2018","status":"publish","type":"post","link":"https:\/\/crc.org.ar\/w\/vera-concentro-y-entreno-en-tigre-para-el-selectivo-mundialista-2018\/","title":{"rendered":"Vera concentr\u00f3 y entren\u00f3 en Tigre  para el Selectivo mundialista 2018"},"content":{"rendered":"<p>(Jueves 28 de junio de 2018). El \u00faltimo fin de semana en Tigre, el remero del Club de Regatas Corrientes, Alejandro Vera, inicio su preparaci\u00f3n para el Selectivo del Mundial de remo adaptado en Plovdiv (Bulgaria).<\/p>\n<p><!--more--><br \/>\n<a href=\"https:\/\/crc.org.ar\/w\/wp-content\/uploads\/2018\/06\/Ale-Vera1.jpeg\"><img loading=\"lazy\" decoding=\"async\" class=\"alignleft size-medium wp-image-10979\" src=\"https:\/\/crc.org.ar\/w\/wp-content\/uploads\/2018\/06\/Ale-Vera1-300x183.jpeg\" alt=\"\" width=\"300\" height=\"183\" srcset=\"https:\/\/crc.org.ar\/w\/wp-content\/uploads\/2018\/06\/Ale-Vera1-300x183.jpeg 300w, https:\/\/crc.org.ar\/w\/wp-content\/uploads\/2018\/06\/Ale-Vera1-768x469.jpeg 768w, https:\/\/crc.org.ar\/w\/wp-content\/uploads\/2018\/06\/Ale-Vera1-1024x626.jpeg 1024w, https:\/\/crc.org.ar\/w\/wp-content\/uploads\/2018\/06\/Ale-Vera1.jpeg 1299w\" sizes=\"(max-width: 300px) 100vw, 300px\" \/><\/a>Tras su exitoso paso por la Regata Internacional de Gaviate, Italia, el remero del Club de Regatas Corrientes, Alejandro Vera, inicio su preparaci\u00f3n para el Selectivo del Mundial de remo adaptado en Plovdiv (Bulgaria).<\/p>\n<p>Alejandro Vera llev\u00f3 adelante exigente concentraci\u00f3n y entrenamiento en la ciudad bonaerense de Tigre, junto al entrenador de la Selecci\u00f3n Nacional de remo adaptado Esteban Briguglio.<\/p>\n<p>El objetivo inmediato, para el Regatas de Oro 2017 es el Selectivo para el Campeonato Mundial de Remo Adaptado que se celebrar\u00e1 en Plovdiv (Bulgaria) entre el 24 y el 30 de septiembre pr\u00f3ximo.<\/p>\n<p>De todas maneras de no lograr la clasificaci\u00f3n, el trabajo continuar\u00e1 ya que en Noviembre se disputar\u00e1 el Campeonato Argentino 2018 y en diciembre se viene el Paral\u00edmpico Brasilero en R\u00edo de Janeiro.<\/p>\n<p>El trabajo en la concentraci\u00f3n consisti\u00f3 en un test de fuerza, y luego ergo todo el viernes. En tanto el s\u00e1bado y domingo, ya en doble turno, el entrenamiento fue en la pista nacional de remo.<\/p>\n<p>De vuelta en Corrientes, Alejandro Vera confirm\u00f3 que la rutina se repetir\u00e1 en julio pr\u00f3ximo; y por este medio agradece a la Comisi\u00f3n Directiva del Club de Regatas Corrientes por el apoyo brindado para el viaje.<\/p>\n","protected":false},"excerpt":{"rendered":"<p>(Jueves 28 de junio de 2018). El \u00faltimo fin de semana en Tigre, el remero del Club de Regatas Corrientes, Alejandro Vera, inicio su preparaci\u00f3n para el Selectivo del Mundial de remo adaptado en Plovdiv (Bulgaria). Tras su exitoso paso por la Regata Internacional de Gaviate, Italia, el remero del Club de Regatas Corrientes, Alejandro &hellip;<\/p>\n","protected":false},"author":1,"featured_media":10979,"comment_status":"closed","ping_status":"open","sticky":false,"template":"","format":"standard","meta":{"footnotes":""},"categories":[18],"tags":[],"_links":{"self":[{"href":"https:\/\/crc.org.ar\/w\/wp-json\/wp\/v2\/posts\/10978"}],"collection":[{"href":"https:\/\/crc.org.ar\/w\/wp-json\/wp\/v2\/posts"}],"about":[{"href":"https:\/\/crc.org.ar\/w\/wp-json\/wp\/v2\/types\/post"}],"author":[{"embeddable":true,"href":"https:\/\/crc.org.ar\/w\/wp-json\/wp\/v2\/users\/1"}],"replies":[{"embeddable":true,"href":"https:\/\/crc.org.ar\/w\/wp-json\/wp\/v2\/comments?post=10978"}],"version-history":[{"count":1,"href":"https:\/\/crc.org.ar\/w\/wp-json\/wp\/v2\/posts\/10978\/revisions"}],"predecessor-version":[{"id":10980,"href":"https:\/\/crc.org.ar\/w\/wp-json\/wp\/v2\/posts\/10978\/revisions\/10980"}],"wp:featuredmedia":[{"embeddable":true,"href":"https:\/\/crc.org.ar\/w\/wp-json\/wp\/v2\/media\/10979"}],"wp:attachment":[{"href":"https:\/\/crc.org.ar\/w\/wp-json\/wp\/v2\/media?parent=10978"}],"wp:term":[{"taxonomy":"category","embeddable":true,"href":"https:\/\/crc.org.ar\/w\/wp-json\/wp\/v2\/categories?post=10978"},{"taxonomy":"post_tag","embeddable":true,"href":"https:\/\/crc.org.ar\/w\/wp-json\/wp\/v2\/tags?post=10978"}],"curies":[{"name":"wp","href":"https:\/\/api.w.org\/{rel}","templated":true}]}}