{"id":1147,"date":"2016-11-04T18:13:01","date_gmt":"2016-11-04T21:13:01","guid":{"rendered":"http:\/\/www.crc.org.ar\/w\/?p=1147"},"modified":"2016-11-04T18:13:01","modified_gmt":"2016-11-04T21:13:01","slug":"mas-danes-para-la-institucion-regatense","status":"publish","type":"post","link":"https:\/\/crc.org.ar\/w\/mas-danes-para-la-institucion-regatense\/","title":{"rendered":"M\u00e1s Danes para la instituci\u00f3n regatense"},"content":{"rendered":"<p>(Viernes 4 de noviembre de 2016). Este s\u00e1bado, seis alumnos del Club de Regatas Corrientes rendir\u00e1n examen anual de Danas, para I Dan y II Dan, y m\u00e1s de diez revalidaran sus graduaciones en el estadio de la Secretaria de Deportes de Corrientes.<!--more--><\/p>\n<p>Este s\u00e1bado en doble jornada se realizar\u00e1 el examen final anual para Danes (cintur\u00f3n negro) y la rev\u00e1lida obligatoria para aquellos que ya lo son organizados por la AAST (Asociaci\u00f3n Academia Superior de Taekwon-do) que preside el maestro <strong>Jorge Demarchi. <\/strong><\/p>\n<p>La cita ser\u00e1 el estadio de la Secretaria de Deportes de Corrientes. Por la ma\u00f1ana a partir de las 08:00 hs. se llevar\u00e1 a cabo el examen exclusivamente para los que rinden para I Dan Internacional.<\/p>\n<p>En tanto por la tarde a partir de las 16:00 lo har\u00e1n de I a IV Dan y revalidaran sus rangos m\u00e1s de 100 Danes; y en donde se espera contar con autoridades y dirigentes de la Academia y del Club de Regatas Corrientes.<\/p>\n<p><strong>FUTUROS DANES <\/strong><br \/>\n<strong>DE REGATAS<\/strong><br \/>\nEn la oportunidad seis alumnos del Club de Regatas Corrientes rendir\u00e1n para el tan ansiado I Dan y uno lo har\u00e1 para II Dan y m\u00e1s de diez revalidaran sus graduaciones luego de muchos a\u00f1os de intensos entrenamientos.<\/p>\n<p>Cabe se\u00f1alar que los alumnos se entrenan y desarrollan con la instructora bi campeona mundial Laura Perazzelli IV Dan Internacional; adem\u00e1s de cursos de capacitaci\u00f3n t\u00e9cnica y competencias de car\u00e1cter regional, nacional e internacional.<\/p>\n<p><strong>RINDEN EXAMEN<\/strong><br \/>\nII Dan: <strong>Federico Leguizam\u00f3n<\/strong><br \/>\nI Dan: <strong>Marcelo Bernchat, Ludmila Vallejos, Bruno Meneses, Juan Pablo Correa, Lautaro Mancullo y Pablo Villalva.<\/strong><\/p>\n","protected":false},"excerpt":{"rendered":"<p>(Viernes 4 de noviembre de 2016). Este s\u00e1bado, seis alumnos del Club de Regatas Corrientes rendir\u00e1n examen anual de Danas, para I Dan y II Dan, y m\u00e1s de diez revalidaran sus graduaciones en el estadio de la Secretaria de Deportes de Corrientes. Este s\u00e1bado en doble jornada se realizar\u00e1 el examen final anual para &hellip;<\/p>\n","protected":false},"author":1,"featured_media":1148,"comment_status":"open","ping_status":"open","sticky":false,"template":"","format":"standard","meta":{"footnotes":""},"categories":[72,74],"tags":[],"_links":{"self":[{"href":"https:\/\/crc.org.ar\/w\/wp-json\/wp\/v2\/posts\/1147"}],"collection":[{"href":"https:\/\/crc.org.ar\/w\/wp-json\/wp\/v2\/posts"}],"about":[{"href":"https:\/\/crc.org.ar\/w\/wp-json\/wp\/v2\/types\/post"}],"author":[{"embeddable":true,"href":"https:\/\/crc.org.ar\/w\/wp-json\/wp\/v2\/users\/1"}],"replies":[{"embeddable":true,"href":"https:\/\/crc.org.ar\/w\/wp-json\/wp\/v2\/comments?post=1147"}],"version-history":[{"count":1,"href":"https:\/\/crc.org.ar\/w\/wp-json\/wp\/v2\/posts\/1147\/revisions"}],"predecessor-version":[{"id":1149,"href":"https:\/\/crc.org.ar\/w\/wp-json\/wp\/v2\/posts\/1147\/revisions\/1149"}],"wp:featuredmedia":[{"embeddable":true,"href":"https:\/\/crc.org.ar\/w\/wp-json\/wp\/v2\/media\/1148"}],"wp:attachment":[{"href":"https:\/\/crc.org.ar\/w\/wp-json\/wp\/v2\/media?parent=1147"}],"wp:term":[{"taxonomy":"category","embeddable":true,"href":"https:\/\/crc.org.ar\/w\/wp-json\/wp\/v2\/categories?post=1147"},{"taxonomy":"post_tag","embeddable":true,"href":"https:\/\/crc.org.ar\/w\/wp-json\/wp\/v2\/tags?post=1147"}],"curies":[{"name":"wp","href":"https:\/\/api.w.org\/{rel}","templated":true}]}}