{"id":11554,"date":"2018-07-26T22:15:10","date_gmt":"2018-07-27T01:15:10","guid":{"rendered":"https:\/\/crc.org.ar\/w\/?p=11554"},"modified":"2018-09-12T18:06:20","modified_gmt":"2018-09-12T21:06:20","slug":"vera-y-su-desafio-mas-dificil-selectivo-para-el-mundial-de-bulgaria-2018","status":"publish","type":"post","link":"https:\/\/crc.org.ar\/w\/vera-y-su-desafio-mas-dificil-selectivo-para-el-mundial-de-bulgaria-2018\/","title":{"rendered":"Vera y su desaf\u00edo m\u00e1s dif\u00edcil: Selectivo  para el Mundial de  Bulgaria 2018"},"content":{"rendered":"<p>(Jueves 26 de julio de 2018). El remero del Club de Regatas Corrientes, Alejandro Vera, se encuentra en Tigre para el Selectivo del Mundial de remo adaptado en Plovdiv, Bulgaria. Ser\u00e1 este viernes y s\u00e1bado, si no hay definici\u00f3n habr\u00e1 otra regata el domingo.<\/p>\n<p><!--more--><\/p>\n<p><a href=\"https:\/\/crc.org.ar\/w\/wp-content\/uploads\/2018\/07\/ALE-VERA.jpg\"><img loading=\"lazy\" decoding=\"async\" class=\"alignright size-medium wp-image-11555\" src=\"https:\/\/crc.org.ar\/w\/wp-content\/uploads\/2018\/07\/ALE-VERA-180x300.jpg\" alt=\"\" width=\"180\" height=\"300\" \/><\/a>Tras sus exitosos pasos por la Copa Am\u00e9rica y el Sudamericano, el remero de Regatas Corrientes, Alejandro Vera, tiene enfrente su desaf\u00edo m\u00e1s importante de la temporada: conseguir la \u00fanica plaza para el Mundial de remo adaptado en Plovdiv (Bulgaria).<\/p>\n<p>Se trata del Selectivo que se llevar\u00e1 a cabo en la pista nacional de remo de Tigre, en dos regatas que se llevar\u00e1n a cabo este viernes y s\u00e1bado, aunque de darse una igualdad, el agua resolver\u00e1 el pleito el domingo.<\/p>\n<p>Ser\u00e1, sin dudas una lucha palmo a palmo, remo a remo, con el remero paral\u00edmpico Carlos Vysocki, que precisamente este jueves reapareci\u00f3, y lo hizo con todo, con mucho aplomo, al punto que en la prueba de remoerg\u00f3metro se qued\u00f3 con el mejor tiempo.<\/p>\n<p>Vysocki cronometro un tiempo de 8 minutos y 39 segundos; en tanto Vera marc\u00f3 un tiempo de 8 minutos y 44 segundos; bajando su mejor marca que estaba en 8 minutos y 56 segundos, pero no alcanz\u00f3.<\/p>\n<p>Por lo que la \u00fanica plaza para Bulgaria se definir\u00e1 en el agua. Entre la experiencia, ma\u00f1a y conocimientos de Vysocki, y las ganas, crecimiento y &#8220;polenta&#8221; de Vera; en un mano a mano apasionante.<\/p>\n","protected":false},"excerpt":{"rendered":"<p>(Jueves 26 de julio de 2018). El remero del Club de Regatas Corrientes, Alejandro Vera, se encuentra en Tigre para el Selectivo del Mundial de remo adaptado en Plovdiv, Bulgaria. Ser\u00e1 este viernes y s\u00e1bado, si no hay definici\u00f3n habr\u00e1 otra regata el domingo. Tras sus exitosos pasos por la Copa Am\u00e9rica y el Sudamericano, &hellip;<\/p>\n","protected":false},"author":1,"featured_media":11555,"comment_status":"closed","ping_status":"closed","sticky":false,"template":"","format":"standard","meta":{"footnotes":""},"categories":[18],"tags":[],"_links":{"self":[{"href":"https:\/\/crc.org.ar\/w\/wp-json\/wp\/v2\/posts\/11554"}],"collection":[{"href":"https:\/\/crc.org.ar\/w\/wp-json\/wp\/v2\/posts"}],"about":[{"href":"https:\/\/crc.org.ar\/w\/wp-json\/wp\/v2\/types\/post"}],"author":[{"embeddable":true,"href":"https:\/\/crc.org.ar\/w\/wp-json\/wp\/v2\/users\/1"}],"replies":[{"embeddable":true,"href":"https:\/\/crc.org.ar\/w\/wp-json\/wp\/v2\/comments?post=11554"}],"version-history":[{"count":1,"href":"https:\/\/crc.org.ar\/w\/wp-json\/wp\/v2\/posts\/11554\/revisions"}],"predecessor-version":[{"id":11556,"href":"https:\/\/crc.org.ar\/w\/wp-json\/wp\/v2\/posts\/11554\/revisions\/11556"}],"wp:featuredmedia":[{"embeddable":true,"href":"https:\/\/crc.org.ar\/w\/wp-json\/wp\/v2\/media\/11555"}],"wp:attachment":[{"href":"https:\/\/crc.org.ar\/w\/wp-json\/wp\/v2\/media?parent=11554"}],"wp:term":[{"taxonomy":"category","embeddable":true,"href":"https:\/\/crc.org.ar\/w\/wp-json\/wp\/v2\/categories?post=11554"},{"taxonomy":"post_tag","embeddable":true,"href":"https:\/\/crc.org.ar\/w\/wp-json\/wp\/v2\/tags?post=11554"}],"curies":[{"name":"wp","href":"https:\/\/api.w.org\/{rel}","templated":true}]}}