{"id":11563,"date":"2018-07-30T16:35:37","date_gmt":"2018-07-30T19:35:37","guid":{"rendered":"https:\/\/crc.org.ar\/w\/?p=11563"},"modified":"2018-07-31T17:25:45","modified_gmt":"2018-07-31T20:25:45","slug":"alejandro-vera-gano-el-selectivo-y-saco-boleto-para-el-mundial-de-bulgaria","status":"publish","type":"post","link":"https:\/\/crc.org.ar\/w\/alejandro-vera-gano-el-selectivo-y-saco-boleto-para-el-mundial-de-bulgaria\/","title":{"rendered":"Alejandro Vera gan\u00f3 el Selectivo y  sac\u00f3 boleto para el Mundial de  Bulgaria"},"content":{"rendered":"<p>(S\u00e1bado 28 de julio de 2018). El remero del Club de Regatas Corrientes, Alejandro Vera, gan\u00f3 el Selectivo en Tigre para el Mundial de remo adaptado y estar\u00e1 en Plovdiv, Bulgaria, en septiembre pr\u00f3ximo.<\/p>\n<p><!--more--><\/p>\n<p><a href=\"https:\/\/crc.org.ar\/w\/wp-content\/uploads\/2018\/07\/Ale-Vera.jpg\"><img loading=\"lazy\" decoding=\"async\" class=\"alignright size-medium wp-image-11564\" src=\"https:\/\/crc.org.ar\/w\/wp-content\/uploads\/2018\/07\/Ale-Vera-300x225.jpg\" alt=\"\" width=\"300\" height=\"225\" srcset=\"https:\/\/crc.org.ar\/w\/wp-content\/uploads\/2018\/07\/Ale-Vera-300x225.jpg 300w, https:\/\/crc.org.ar\/w\/wp-content\/uploads\/2018\/07\/Ale-Vera-768x576.jpg 768w, https:\/\/crc.org.ar\/w\/wp-content\/uploads\/2018\/07\/Ale-Vera.jpg 861w\" sizes=\"(max-width: 300px) 100vw, 300px\" \/><\/a>Con una emoci\u00f3n incontenible y al borde de las l\u00e1grimas, el remo del Club de Regatas Corrientes, Alejandro Vera, termin\u00f3 el Selectivo para el Mundial de remo adaptado 2018 en Plovdiv (Bulgaria).<\/p>\n<p>Alejandro Vera este s\u00e1bado, en la Pista Nacional de remo en Tigre, cristaliz\u00f3 uno de sus grandes anhelos, que es representar al pa\u00eds en un Mundial, y lo har\u00e1 en septiembre pr\u00f3ximo en Plovdiv.<\/p>\n<p>Tanto el viernes como este s\u00e1bado el remero del Club de Regatas Corrientes se qued\u00f3 con el primer puesto del Selectivo, superando a su &#8220;archirival&#8221; el paral\u00edmpico Carlos Vysocki; por lo que no habr\u00e1 una tercera jornada el domingo.<\/p>\n<p>El viernes la regata fue cerrad\u00edsima, llegando Vera primero con un tiempo de 10 minutos y 54 segundos, para cubrir los 2.000 metros de la pista Nacional. En tanto Vysocki cronometro un tiempo de 10 minutos y 55 segundos.<\/p>\n<p>Este s\u00e1bado, en tanto, Vera repiti\u00f3 el uno con un tiempo de 11 minutos y 24 segundos; en tanto Vysocki volvi\u00f3 a quedar segundo con una marca de 11 minutos y 45 segundos para sentenciar el Selectivo.<\/p>\n<p>Una definici\u00f3n para el infarto, como se preve\u00eda despu\u00e9s del remoerg\u00f3metro del pasado jueves, en donde Vysocki cronometro un tiempo de 8 minutos y 39 segundos; en tanto Vera marc\u00f3 un tiempo de 8 minutos y 44 segundos; bajando su mejor marca.<\/p>\n<p>&#8220;Tengo una alegr\u00eda inmensa. Me gustar\u00eda estar en el Club hoy para compartir con todo el remo de Regatas este gran objetivo logrado. Se lo dedico a todo Corrientes, ojala cuando vuelva podamos festejar&#8221;, fueron las primeras palabras quebradas tras el objetivo cumplido.<\/p>\n<p>&#8220;Gane, por fin le gane. Tantos a\u00f1os de sacrificio valieron la pena. Esto reci\u00e9n comienza, siempre vamos por m\u00e1s. Estoy sinceramente feliz. Gracias, gracias, gracias a todos. A mi familia, a m\u00ed Club, al Gobierno a mis sponsors&#8221;, finaliz\u00f3 Vera.<\/p>\n","protected":false},"excerpt":{"rendered":"<p>(S\u00e1bado 28 de julio de 2018). El remero del Club de Regatas Corrientes, Alejandro Vera, gan\u00f3 el Selectivo en Tigre para el Mundial de remo adaptado y estar\u00e1 en Plovdiv, Bulgaria, en septiembre pr\u00f3ximo. Con una emoci\u00f3n incontenible y al borde de las l\u00e1grimas, el remo del Club de Regatas Corrientes, Alejandro Vera, termin\u00f3 el &hellip;<\/p>\n","protected":false},"author":1,"featured_media":10425,"comment_status":"closed","ping_status":"closed","sticky":false,"template":"","format":"standard","meta":{"footnotes":""},"categories":[18],"tags":[],"_links":{"self":[{"href":"https:\/\/crc.org.ar\/w\/wp-json\/wp\/v2\/posts\/11563"}],"collection":[{"href":"https:\/\/crc.org.ar\/w\/wp-json\/wp\/v2\/posts"}],"about":[{"href":"https:\/\/crc.org.ar\/w\/wp-json\/wp\/v2\/types\/post"}],"author":[{"embeddable":true,"href":"https:\/\/crc.org.ar\/w\/wp-json\/wp\/v2\/users\/1"}],"replies":[{"embeddable":true,"href":"https:\/\/crc.org.ar\/w\/wp-json\/wp\/v2\/comments?post=11563"}],"version-history":[{"count":1,"href":"https:\/\/crc.org.ar\/w\/wp-json\/wp\/v2\/posts\/11563\/revisions"}],"predecessor-version":[{"id":11565,"href":"https:\/\/crc.org.ar\/w\/wp-json\/wp\/v2\/posts\/11563\/revisions\/11565"}],"wp:featuredmedia":[{"embeddable":true,"href":"https:\/\/crc.org.ar\/w\/wp-json\/wp\/v2\/media\/10425"}],"wp:attachment":[{"href":"https:\/\/crc.org.ar\/w\/wp-json\/wp\/v2\/media?parent=11563"}],"wp:term":[{"taxonomy":"category","embeddable":true,"href":"https:\/\/crc.org.ar\/w\/wp-json\/wp\/v2\/categories?post=11563"},{"taxonomy":"post_tag","embeddable":true,"href":"https:\/\/crc.org.ar\/w\/wp-json\/wp\/v2\/tags?post=11563"}],"curies":[{"name":"wp","href":"https:\/\/api.w.org\/{rel}","templated":true}]}}