{"id":11966,"date":"2018-08-24T18:35:11","date_gmt":"2018-08-24T21:35:11","guid":{"rendered":"https:\/\/crc.org.ar\/w\/?p=11966"},"modified":"2018-08-24T18:35:11","modified_gmt":"2018-08-24T21:35:11","slug":"vera-concentra-y-entrena-en-tigre-para-el-mundial-de-bulgaria","status":"publish","type":"post","link":"https:\/\/crc.org.ar\/w\/vera-concentra-y-entrena-en-tigre-para-el-mundial-de-bulgaria\/","title":{"rendered":"Vera concentra y entrena en Tigre  para el Mundial de Bulgaria"},"content":{"rendered":"<p>(Viernes 24 de agosto de 2018). Desde el pasado martes y hasta este s\u00e1bado, en Tigre, el remero del Club de Regatas Corrientes, Alejandro Vera, contin\u00faa prepar\u00e1ndose para el Campeonato Mundial de remo adaptado en Plovdiv (Bulgaria).<\/p>\n<p><!--more--><br \/>\n<a href=\"https:\/\/crc.org.ar\/w\/wp-content\/uploads\/2018\/08\/Ale-Vera3.jpeg\"><img loading=\"lazy\" decoding=\"async\" class=\"alignright size-medium wp-image-11967\" src=\"https:\/\/crc.org.ar\/w\/wp-content\/uploads\/2018\/08\/Ale-Vera3-254x300.jpeg\" alt=\"\" width=\"254\" height=\"300\" srcset=\"https:\/\/crc.org.ar\/w\/wp-content\/uploads\/2018\/08\/Ale-Vera3-254x300.jpeg 254w, https:\/\/crc.org.ar\/w\/wp-content\/uploads\/2018\/08\/Ale-Vera3.jpeg 720w\" sizes=\"(max-width: 254px) 100vw, 254px\" \/><\/a>Tras ganar el Selectivo, en un hecho hist\u00f3rico e in\u00e9dito para la instituci\u00f3n, el remero del Club de Regatas Corrientes, Alejandro Vera, contin\u00faa con su preparaci\u00f3n para el Campeonato Mundial de remo adaptado en Plovdiv (Bulgaria).<\/p>\n<p>Alejandro Vera, desde el pasado martes, lleva adelante una exigente concentraci\u00f3n y entrenamiento en la ciudad bonaerense de Tigre, junto con el entrenador de la Selecci\u00f3n Nacional de remo adaptado Esteban Briguglio.<\/p>\n<p>El objetivo para el Regatas de Oro 2017 es el Campeonato Mundial de Remo Adaptado que se celebrar\u00e1 en Plovdiv (Bulgaria), junto a los convencionales, entre el 24 y el 30 de septiembre pr\u00f3ximo.<\/p>\n<p>Los trabajos de Vera son en doble turno, con muchos kil\u00f3metros en agua (las competencias son de 2.000 metros), y hasta con botes convencionales, en donde el remero correntino va la \u201ccaza\u201d de la embarcaci\u00f3n.<\/p>\n<p>No se descuida nada, charlas t\u00e9cnicas, psic\u00f3logos, preparador f\u00edsico, nutricionistas, plan de trabajo, gimnasio, y el agua, la pista nacional de Tigre, en donde Vera sue\u00f1a en hacer un buen papel en el Mundial que se viene.<\/p>\n","protected":false},"excerpt":{"rendered":"<p>(Viernes 24 de agosto de 2018). Desde el pasado martes y hasta este s\u00e1bado, en Tigre, el remero del Club de Regatas Corrientes, Alejandro Vera, contin\u00faa prepar\u00e1ndose para el Campeonato Mundial de remo adaptado en Plovdiv (Bulgaria). Tras ganar el Selectivo, en un hecho hist\u00f3rico e in\u00e9dito para la instituci\u00f3n, el remero del Club de &hellip;<\/p>\n","protected":false},"author":1,"featured_media":10142,"comment_status":"closed","ping_status":"closed","sticky":false,"template":"","format":"standard","meta":{"footnotes":""},"categories":[156,18],"tags":[],"_links":{"self":[{"href":"https:\/\/crc.org.ar\/w\/wp-json\/wp\/v2\/posts\/11966"}],"collection":[{"href":"https:\/\/crc.org.ar\/w\/wp-json\/wp\/v2\/posts"}],"about":[{"href":"https:\/\/crc.org.ar\/w\/wp-json\/wp\/v2\/types\/post"}],"author":[{"embeddable":true,"href":"https:\/\/crc.org.ar\/w\/wp-json\/wp\/v2\/users\/1"}],"replies":[{"embeddable":true,"href":"https:\/\/crc.org.ar\/w\/wp-json\/wp\/v2\/comments?post=11966"}],"version-history":[{"count":1,"href":"https:\/\/crc.org.ar\/w\/wp-json\/wp\/v2\/posts\/11966\/revisions"}],"predecessor-version":[{"id":11968,"href":"https:\/\/crc.org.ar\/w\/wp-json\/wp\/v2\/posts\/11966\/revisions\/11968"}],"wp:featuredmedia":[{"embeddable":true,"href":"https:\/\/crc.org.ar\/w\/wp-json\/wp\/v2\/media\/10142"}],"wp:attachment":[{"href":"https:\/\/crc.org.ar\/w\/wp-json\/wp\/v2\/media?parent=11966"}],"wp:term":[{"taxonomy":"category","embeddable":true,"href":"https:\/\/crc.org.ar\/w\/wp-json\/wp\/v2\/categories?post=11966"},{"taxonomy":"post_tag","embeddable":true,"href":"https:\/\/crc.org.ar\/w\/wp-json\/wp\/v2\/tags?post=11966"}],"curies":[{"name":"wp","href":"https:\/\/api.w.org\/{rel}","templated":true}]}}