{"id":12248,"date":"2018-09-06T17:08:14","date_gmt":"2018-09-06T20:08:14","guid":{"rendered":"https:\/\/crc.org.ar\/w\/?p=12248"},"modified":"2018-09-06T17:08:14","modified_gmt":"2018-09-06T20:08:14","slug":"alejandro-vera-emprende-viaje-con-destino-mundialista","status":"publish","type":"post","link":"https:\/\/crc.org.ar\/w\/alejandro-vera-emprende-viaje-con-destino-mundialista\/","title":{"rendered":"Alejandro Vera emprende viaje  con destino mundialista"},"content":{"rendered":"<p>(Jueves 6 de septiembres de 2018). El remero del Club de Regatas Corrientes, Alejandro Vera, viaj\u00f3 este jueves Buenos Aires para desde all\u00ed trasladarse a Bulgaria para el Campeonato Mundial de remo adaptado, que comenzar\u00e1 el pr\u00f3ximo 10 de septiembre.<\/p>\n<p><!--more--><\/p>\n<p><a href=\"https:\/\/crc.org.ar\/w\/wp-content\/uploads\/2018\/08\/Tassano-Vera.jpg\"><img loading=\"lazy\" decoding=\"async\" class=\"alignleft size-medium wp-image-12004\" src=\"https:\/\/crc.org.ar\/w\/wp-content\/uploads\/2018\/08\/Tassano-Vera-300x211.jpg\" alt=\"\" width=\"300\" height=\"211\" srcset=\"https:\/\/crc.org.ar\/w\/wp-content\/uploads\/2018\/08\/Tassano-Vera-300x211.jpg 300w, https:\/\/crc.org.ar\/w\/wp-content\/uploads\/2018\/08\/Tassano-Vera-768x541.jpg 768w, https:\/\/crc.org.ar\/w\/wp-content\/uploads\/2018\/08\/Tassano-Vera-1024x722.jpg 1024w, https:\/\/crc.org.ar\/w\/wp-content\/uploads\/2018\/08\/Tassano-Vera.jpg 1771w\" sizes=\"(max-width: 300px) 100vw, 300px\" \/><\/a>El Campeonato Mundial de remo paral\u00edmpico en Bulgaria est\u00e1 a la vuelta de la esquina. Argentina estar\u00e1 presente, a trav\u00e9s del representante del Club de Regatas Corrientes, Alejandro Vera.<\/p>\n<p>Vera, que competir\u00e1 en categor\u00eda PR1, fue el ganador del Selectivo y de all\u00ed que tendr\u00e1 la gran responsabilidad de representar al pa\u00eds en el Mundial, tras hacer logrado podios en la Copa Am\u00e9rica y Sudamericano en 2018.<\/p>\n<p>El remero correntino que recientemente estuvo concentrado y entrenando en Tigre, comparti\u00f3 su preparaci\u00f3n con el remero Guido Salgado, quien lo acompa\u00f1ar\u00e1 en esta desaf\u00edo como sparring.<\/p>\n<p>\u201cEl objetivo es que Vera est\u00e9 en la Final B (del 7\u00b0 al 12\u00b0 lugar) y lo m\u00e1s cercano posible al s\u00e9ptimo puesto\u201d, comenz\u00f3 diciendo Esteban Briguglio, entrenador de la Selecci\u00f3n Argentina.<\/p>\n<p>\u201cEn especial porque all\u00ed, entre los siete, estar\u00e1 la zona de clasificaci\u00f3n en 2019. A un a\u00f1o de la misma, ser\u00eda posicionarse muy bien\u201d, complet\u00f3, minutos antes de subir al avi\u00f3n, previa escala en Par\u00eds, que lo llevar\u00e1 Plovdiv.<\/p>\n","protected":false},"excerpt":{"rendered":"<p>(Jueves 6 de septiembres de 2018). El remero del Club de Regatas Corrientes, Alejandro Vera, viaj\u00f3 este jueves Buenos Aires para desde all\u00ed trasladarse a Bulgaria para el Campeonato Mundial de remo adaptado, que comenzar\u00e1 el pr\u00f3ximo 10 de septiembre. El Campeonato Mundial de remo paral\u00edmpico en Bulgaria est\u00e1 a la vuelta de la esquina. &hellip;<\/p>\n","protected":false},"author":1,"featured_media":12249,"comment_status":"closed","ping_status":"closed","sticky":false,"template":"","format":"standard","meta":{"footnotes":""},"categories":[156,18],"tags":[],"_links":{"self":[{"href":"https:\/\/crc.org.ar\/w\/wp-json\/wp\/v2\/posts\/12248"}],"collection":[{"href":"https:\/\/crc.org.ar\/w\/wp-json\/wp\/v2\/posts"}],"about":[{"href":"https:\/\/crc.org.ar\/w\/wp-json\/wp\/v2\/types\/post"}],"author":[{"embeddable":true,"href":"https:\/\/crc.org.ar\/w\/wp-json\/wp\/v2\/users\/1"}],"replies":[{"embeddable":true,"href":"https:\/\/crc.org.ar\/w\/wp-json\/wp\/v2\/comments?post=12248"}],"version-history":[{"count":1,"href":"https:\/\/crc.org.ar\/w\/wp-json\/wp\/v2\/posts\/12248\/revisions"}],"predecessor-version":[{"id":12250,"href":"https:\/\/crc.org.ar\/w\/wp-json\/wp\/v2\/posts\/12248\/revisions\/12250"}],"wp:featuredmedia":[{"embeddable":true,"href":"https:\/\/crc.org.ar\/w\/wp-json\/wp\/v2\/media\/12249"}],"wp:attachment":[{"href":"https:\/\/crc.org.ar\/w\/wp-json\/wp\/v2\/media?parent=12248"}],"wp:term":[{"taxonomy":"category","embeddable":true,"href":"https:\/\/crc.org.ar\/w\/wp-json\/wp\/v2\/categories?post=12248"},{"taxonomy":"post_tag","embeddable":true,"href":"https:\/\/crc.org.ar\/w\/wp-json\/wp\/v2\/tags?post=12248"}],"curies":[{"name":"wp","href":"https:\/\/api.w.org\/{rel}","templated":true}]}}