{"id":12313,"date":"2018-09-10T16:59:21","date_gmt":"2018-09-10T19:59:21","guid":{"rendered":"https:\/\/crc.org.ar\/w\/?p=12313"},"modified":"2018-09-10T16:59:21","modified_gmt":"2018-09-10T19:59:21","slug":"llego-la-hora-de-alejandro-vera-en-el-mundial-de-bulgaria","status":"publish","type":"post","link":"https:\/\/crc.org.ar\/w\/llego-la-hora-de-alejandro-vera-en-el-mundial-de-bulgaria\/","title":{"rendered":"Lleg\u00f3 la hora de Alejandro  Vera en el Mundial de Bulgaria"},"content":{"rendered":"<p>(Lunes 10 de septiembres de 2018). El remero del Club de Regatas Corrientes, Alejandro Vera, comenzar\u00e1 a competir este martes en el Campeonato Mundial de remo adaptado. Ser\u00e1 en la eliminatoria N\u00b0 1, el de la \u201cmuerte\u201d seg\u00fan sus propios dichos.<\/p>\n<p><!--more--><\/p>\n<p><a href=\"https:\/\/crc.org.ar\/w\/wp-content\/uploads\/2018\/09\/Tassano-Vera1.jpg\"><img loading=\"lazy\" decoding=\"async\" class=\"alignleft size-medium wp-image-12314\" src=\"https:\/\/crc.org.ar\/w\/wp-content\/uploads\/2018\/09\/Tassano-Vera1-300x234.jpg\" alt=\"\" width=\"300\" height=\"234\" srcset=\"https:\/\/crc.org.ar\/w\/wp-content\/uploads\/2018\/09\/Tassano-Vera1-300x234.jpg 300w, https:\/\/crc.org.ar\/w\/wp-content\/uploads\/2018\/09\/Tassano-Vera1-768x600.jpg 768w, https:\/\/crc.org.ar\/w\/wp-content\/uploads\/2018\/09\/Tassano-Vera1-1024x800.jpg 1024w, https:\/\/crc.org.ar\/w\/wp-content\/uploads\/2018\/09\/Tassano-Vera1.jpg 1814w\" sizes=\"(max-width: 300px) 100vw, 300px\" \/><\/a>Lleg\u00f3 el momento, el que estaba esperando, para el remero del Club de Regatas Corrientes, Alejandro Magno Vera, en el Campeonato Mundial de remo adaptado, en la ciudad de Plovdiv (Bulgaria).<\/p>\n<p>A las 10.50 horas (de la Argentina) estar\u00e1 compitiendo en la eliminatoria N\u00b0 1 (de cuatro previstas) de la categor\u00eda PR1, con otros cuatro remeros de primer\u00edsimo nivel; para hacer un total de veinte de los mejores exponentes del mundo en busca de la gran final.<\/p>\n<p>Alejandro Vera estar\u00e1 compitiendo por el andarivel 5, y se medir\u00e1 con Fabrizio Caselli (Italia), Augustas Navickas (Lituania), Shmuel Daniel (Israel), y Romano Polianskyi (Ucrania).<\/p>\n<p>\u201cEstoy en el primer hit, el de la \u201cmuerte\u201d. Y bueno as\u00ed es esto ac\u00e1, todos son buenos, todos tienen antecedentes de primer\u00edsimo nivel, y yo ah\u00ed entre ellos\u201d, dijo muy entusiasmado Vera desde Bulgaria.<\/p>\n<p>\u201cEn mi hit est\u00e1 el campe\u00f3n de R\u00edo (Romano Polianskyi), y el lituano d\u00e9cimo en Rio. Tambi\u00e9n el israel\u00ed, final \u201cA\u201d en Gavirate\u201d, sigui\u00f3 comentando Vera respecto a su eliminatoria; la primera de cuatro previstas.<\/p>\n<p>\u201cEl objetivo es que Vera est\u00e9 en la Final \u201cB\u201d (del 7\u00b0 al 12\u00b0 lugar) y lo m\u00e1s cercano posible al s\u00e9ptimo puesto\u201d, coment\u00f3 a su turno Esteban Briguglio, entrenador de la Selecci\u00f3n Argentina de remo adaptado, respecto al objetivo del correntino.<\/p>\n","protected":false},"excerpt":{"rendered":"<p>(Lunes 10 de septiembres de 2018). El remero del Club de Regatas Corrientes, Alejandro Vera, comenzar\u00e1 a competir este martes en el Campeonato Mundial de remo adaptado. Ser\u00e1 en la eliminatoria N\u00b0 1, el de la \u201cmuerte\u201d seg\u00fan sus propios dichos. Lleg\u00f3 el momento, el que estaba esperando, para el remero del Club de Regatas &hellip;<\/p>\n","protected":false},"author":1,"featured_media":12315,"comment_status":"closed","ping_status":"closed","sticky":false,"template":"","format":"standard","meta":{"footnotes":""},"categories":[156,18],"tags":[],"_links":{"self":[{"href":"https:\/\/crc.org.ar\/w\/wp-json\/wp\/v2\/posts\/12313"}],"collection":[{"href":"https:\/\/crc.org.ar\/w\/wp-json\/wp\/v2\/posts"}],"about":[{"href":"https:\/\/crc.org.ar\/w\/wp-json\/wp\/v2\/types\/post"}],"author":[{"embeddable":true,"href":"https:\/\/crc.org.ar\/w\/wp-json\/wp\/v2\/users\/1"}],"replies":[{"embeddable":true,"href":"https:\/\/crc.org.ar\/w\/wp-json\/wp\/v2\/comments?post=12313"}],"version-history":[{"count":1,"href":"https:\/\/crc.org.ar\/w\/wp-json\/wp\/v2\/posts\/12313\/revisions"}],"predecessor-version":[{"id":12316,"href":"https:\/\/crc.org.ar\/w\/wp-json\/wp\/v2\/posts\/12313\/revisions\/12316"}],"wp:featuredmedia":[{"embeddable":true,"href":"https:\/\/crc.org.ar\/w\/wp-json\/wp\/v2\/media\/12315"}],"wp:attachment":[{"href":"https:\/\/crc.org.ar\/w\/wp-json\/wp\/v2\/media?parent=12313"}],"wp:term":[{"taxonomy":"category","embeddable":true,"href":"https:\/\/crc.org.ar\/w\/wp-json\/wp\/v2\/categories?post=12313"},{"taxonomy":"post_tag","embeddable":true,"href":"https:\/\/crc.org.ar\/w\/wp-json\/wp\/v2\/tags?post=12313"}],"curies":[{"name":"wp","href":"https:\/\/api.w.org\/{rel}","templated":true}]}}