{"id":12334,"date":"2018-09-11T21:00:15","date_gmt":"2018-09-12T00:00:15","guid":{"rendered":"https:\/\/crc.org.ar\/w\/?p=12334"},"modified":"2018-09-12T17:54:19","modified_gmt":"2018-09-12T20:54:19","slug":"vera-se-metio-al-repechaje-del-mundial-de-bulgaria","status":"publish","type":"post","link":"https:\/\/crc.org.ar\/w\/vera-se-metio-al-repechaje-del-mundial-de-bulgaria\/","title":{"rendered":"Vera se meti\u00f3 al Repechaje  del Mundial de Bulgaria"},"content":{"rendered":"<p>(Martes 11 de septiembres de 2018). El remero del Club de Regatas Corrientes, Alejandro Vera, no super\u00f3 el primer corte eliminatorio y este mi\u00e9rcoles disputar\u00e1 el Repechaje en el en el Campeonato Mundial de remo adaptado en Bulgaria.<\/p>\n<p><!--more--><br \/>\n<a href=\"https:\/\/crc.org.ar\/w\/wp-content\/uploads\/2018\/05\/Vera.jpeg\"><img loading=\"lazy\" decoding=\"async\" class=\"alignleft size-medium wp-image-10147\" src=\"https:\/\/crc.org.ar\/w\/wp-content\/uploads\/2018\/05\/Vera-300x200.jpeg\" alt=\"\" width=\"300\" height=\"200\" srcset=\"https:\/\/crc.org.ar\/w\/wp-content\/uploads\/2018\/05\/Vera-300x200.jpeg 300w, https:\/\/crc.org.ar\/w\/wp-content\/uploads\/2018\/05\/Vera-768x512.jpeg 768w, https:\/\/crc.org.ar\/w\/wp-content\/uploads\/2018\/05\/Vera.jpeg 1024w, https:\/\/crc.org.ar\/w\/wp-content\/uploads\/2018\/05\/Vera-800x534.jpeg 800w\" sizes=\"(max-width: 300px) 100vw, 300px\" \/><\/a>Aunque logr\u00f3 su mejor marca hist\u00f3rica, al remero del Club de Regatas Corrientes, Alejandro Vera, no pudo superar el primer corte eliminatorio en el Campeonato Mundial de remo adaptado, en la ciudad de Plovdiv (Bulgaria).<\/p>\n<p>Este martes, en el Hit N\u00b0 1 (de cuatro realizados) de la categor\u00eda PR1, Vera finaliz\u00f3 quinto con un tiempo de 10 minutos, 39 segundos y 05 cent\u00e9simas para cubrir los 2.000 metros de extensi\u00f3n de la regata.<\/p>\n<p>El ganador de la serie fue Romano Polianskyi (Ucrania) con un tiempo de 9&#8217;58&#8243;48\/100, seguido por Fabrizio Caselli (Italia) con un registro de 10&#8217;15&#8243;21\/100, hasta aqu\u00ed los que superaron el corte eliminatorio.<\/p>\n<p>En tanto tambi\u00e9n ir\u00e1n al Repechaje Augustas Navickas (Lituania) con un tiempo de 10&#8217;28&#8243;92\/100, y Shmuel Daniel (Israel) con un registro de 10&#8217;35&#8243;57\/100; adem\u00e1s del mencionado Vera.<\/p>\n<p>EL REPECHAJE<br \/>\nEste mi\u00e9rcoles, en tanto, Vera disputar\u00e1 el primer Hit del Repechaje (dos previstos), en otro duro desaf\u00edo para el representante del Club de Regatas Corrientes, en busca de un lugar en las semifinales en la categor\u00eda PR 1.<\/p>\n<p>All\u00ed deber\u00e1 extremar recursos ante el lituano Augustas Navickas (este martes cronometro 10&#8217;28&#8243;92\/100), el nigeriano Kingsley Okoroafor (10&#8217;39&#8243;66\/100), el h\u00fangaro Zsolt Peto (11&#8217;02&#8243;55\/100), y el sirio Manesh Jayakodi (11&#8217;36&#8243;55\/100).<\/p>\n<p>&#8220;La regata fue dura, me cost\u00f3 acomodarme. Reci\u00e9n a los mil metros empec\u00e9 a acercar a los otros. Termine cerca del tercero y cuarto. As\u00ed que si mejoro la salida, tengo chances de seguir en el Mundial&#8221;, dijo desde Bulgaria, Alejandro Vera.<\/p>\n<p>&#8220;Gracias al tiempo que logre en el Hit, por lo que estamos viendo, tengo posibilidades de poder clasificar y pasar a semifinales. Ser\u00e1 dur\u00edsimo, pero me tengo fe&#8221;, dijo para finalizar el remero del Club de Regatas Corrientes.<\/p>\n","protected":false},"excerpt":{"rendered":"<p>(Martes 11 de septiembres de 2018). El remero del Club de Regatas Corrientes, Alejandro Vera, no super\u00f3 el primer corte eliminatorio y este mi\u00e9rcoles disputar\u00e1 el Repechaje en el en el Campeonato Mundial de remo adaptado en Bulgaria. Aunque logr\u00f3 su mejor marca hist\u00f3rica, al remero del Club de Regatas Corrientes, Alejandro Vera, no pudo &hellip;<\/p>\n","protected":false},"author":1,"featured_media":10147,"comment_status":"closed","ping_status":"closed","sticky":false,"template":"","format":"standard","meta":{"footnotes":""},"categories":[18],"tags":[],"_links":{"self":[{"href":"https:\/\/crc.org.ar\/w\/wp-json\/wp\/v2\/posts\/12334"}],"collection":[{"href":"https:\/\/crc.org.ar\/w\/wp-json\/wp\/v2\/posts"}],"about":[{"href":"https:\/\/crc.org.ar\/w\/wp-json\/wp\/v2\/types\/post"}],"author":[{"embeddable":true,"href":"https:\/\/crc.org.ar\/w\/wp-json\/wp\/v2\/users\/1"}],"replies":[{"embeddable":true,"href":"https:\/\/crc.org.ar\/w\/wp-json\/wp\/v2\/comments?post=12334"}],"version-history":[{"count":1,"href":"https:\/\/crc.org.ar\/w\/wp-json\/wp\/v2\/posts\/12334\/revisions"}],"predecessor-version":[{"id":12335,"href":"https:\/\/crc.org.ar\/w\/wp-json\/wp\/v2\/posts\/12334\/revisions\/12335"}],"wp:featuredmedia":[{"embeddable":true,"href":"https:\/\/crc.org.ar\/w\/wp-json\/wp\/v2\/media\/10147"}],"wp:attachment":[{"href":"https:\/\/crc.org.ar\/w\/wp-json\/wp\/v2\/media?parent=12334"}],"wp:term":[{"taxonomy":"category","embeddable":true,"href":"https:\/\/crc.org.ar\/w\/wp-json\/wp\/v2\/categories?post=12334"},{"taxonomy":"post_tag","embeddable":true,"href":"https:\/\/crc.org.ar\/w\/wp-json\/wp\/v2\/tags?post=12334"}],"curies":[{"name":"wp","href":"https:\/\/api.w.org\/{rel}","templated":true}]}}