{"id":1234,"date":"2016-11-15T13:15:06","date_gmt":"2016-11-15T16:15:06","guid":{"rendered":"http:\/\/www.crc.org.ar\/w\/?p=1234"},"modified":"2016-11-15T13:15:06","modified_gmt":"2016-11-15T16:15:06","slug":"regatas-rumbo-a-tigre-al-campeonato-argentino-2016","status":"publish","type":"post","link":"https:\/\/crc.org.ar\/w\/regatas-rumbo-a-tigre-al-campeonato-argentino-2016\/","title":{"rendered":"Regatas rumbo a Tigre al Campeonato Argentino 2016"},"content":{"rendered":"<p>(Martes 15 de noviembre de 2016). Esta noche, a las 20 horas, el equipo de remo del Club de Regatas Corrientes viajar\u00e1 a Tigre para participar de Campeonato Argentino de Remo, competencia emblem\u00e1tica de la actividad, por historia \u00a0y antecedentes.<!--more--><\/p>\n<p><span class=\"tie-dropcap \">D<\/span>el 17 al 20 de noviembre pr\u00f3ximo, en la Pista Nacional de remo y canotaje de Tigre, provincia de Buenos Aires, se llevar\u00e1 a cabo una nueva edici\u00f3n del Campeonato Argentino de remo.<\/p>\n<p>A la competencia m\u00e1s importante del a\u00f1o, y que cierra oficialmente la temporada 2016 de la Asociaci\u00f3n Argentina de Remeros Aficionados (AARA), llegar\u00e1 el equipo del Club de Regatas Corrientes.<\/p>\n<p>Una nutrida delegaci\u00f3n integrada por j\u00f3venes remeros, adem\u00e1s la Agrupaci\u00f3n Master de la instituci\u00f3n y del remero <strong>Alejandro Vera<\/strong>, en la antesala de lo que ser\u00e1 una nueva participaci\u00f3n internacional esta vez en Brasil.<\/p>\n<p>La delegaci\u00f3n, que viajar\u00e1 a Tigre a las 20 horas (el tr\u00e1iler saldr\u00e1 a las 17 desde el Cub), estar\u00e1 encabezada por el coordinador de remo del Club de Regatas Corrientes, <strong>Jorge Duet<\/strong>, y los entrenador <strong>Mar\u00eda P\u00eda Pividori <\/strong>y<strong> Sebasti\u00e1n Bajac<\/strong>.<\/p>\n<p>La actividad arrancar\u00e1 el jueves con series eliminatorias, en tanto el fin de semana ser\u00e1 el turno de las finales, en donde los representantes regatenses tendr\u00e1 activa participaci\u00f3n, en distintas categor\u00edas.<\/p>\n<p>Comenzar\u00e1n a competir los remeros del Programa \u201cJuegos Ol\u00edmpicos de la Juventud, Buenos Aires 2016\u201d<strong>Sara Gianeselli<\/strong> en single menor, y <strong>Augusto Ciumpalo <\/strong>y<strong> Lisandro Arce<\/strong> en dos sin menor.<\/p>\n<p>Adem\u00e1s de <strong>Mar\u00eda Paz Adis<\/strong> en single cadete, y <strong>Antonio M\u00e9ndez y Esteban Ib\u00e1\u00f1ez<\/strong> en dos sin intermedia; y el remero internacional <strong>Alejandro Vera<\/strong> en un single adaptado; a d\u00edas de una nueva participaci\u00f3n en el Campeonato Brasile\u00f1o.<\/p>\n<p>En tanto que entre los m\u00e1ster dir\u00e1n presente <strong>Ana Mar\u00eda Pato<\/strong> en single A, C, D; <strong>Fernando Ortiz <\/strong>y<strong> Pablo Geyer <\/strong>en doble C; <strong>Felipe Ojeda<\/strong> en single D; <strong>Omar Ferrari<\/strong> en single E; y <strong>Ver\u00f3nica Chequin <\/strong>y<strong> Ana Mar\u00eda Pato<\/strong> en doble C, E<\/p>\n<p>Adem\u00e1s de <strong>Fernando Ortiz <\/strong>y<strong> Ana Mar\u00eda Pato<\/strong> en doble mixto D, E; <strong>Ver\u00f3nica Chequin, Fernando Ortiz, Ana Mar\u00eda Pato <\/strong>y<strong> Pablo Geyer <\/strong>en cu\u00e1druple B, C, F; y <strong>Felipe Ojeda, Omar Ferrari, Gerardo Bufarull <\/strong>y<strong> Andr\u00e9s Madero<\/strong> en cu\u00e1druple D, E, H.<\/p>\n<p><img loading=\"lazy\" decoding=\"async\" class=\"aligncenter wp-image-1236 size-large\" src=\"http:\/\/www.crc.org.ar\/w\/wp-content\/uploads\/2016\/11\/SaraGianeselli-1024x458.jpg\" alt=\"saragianeselli\" width=\"618\" height=\"276\" srcset=\"https:\/\/crc.org.ar\/w\/wp-content\/uploads\/2016\/11\/SaraGianeselli-1024x458.jpg 1024w, https:\/\/crc.org.ar\/w\/wp-content\/uploads\/2016\/11\/SaraGianeselli-300x134.jpg 300w, https:\/\/crc.org.ar\/w\/wp-content\/uploads\/2016\/11\/SaraGianeselli-768x344.jpg 768w, https:\/\/crc.org.ar\/w\/wp-content\/uploads\/2016\/11\/SaraGianeselli.jpg 1055w\" sizes=\"(max-width: 618px) 100vw, 618px\" \/><\/p>\n","protected":false},"excerpt":{"rendered":"<p>(Martes 15 de noviembre de 2016). Esta noche, a las 20 horas, el equipo de remo del Club de Regatas Corrientes viajar\u00e1 a Tigre para participar de Campeonato Argentino de Remo, competencia emblem\u00e1tica de la actividad, por historia \u00a0y antecedentes. Del 17 al 20 de noviembre pr\u00f3ximo, en la Pista Nacional de remo y canotaje &hellip;<\/p>\n","protected":false},"author":1,"featured_media":1236,"comment_status":"open","ping_status":"open","sticky":false,"template":"","format":"standard","meta":{"footnotes":""},"categories":[18],"tags":[],"_links":{"self":[{"href":"https:\/\/crc.org.ar\/w\/wp-json\/wp\/v2\/posts\/1234"}],"collection":[{"href":"https:\/\/crc.org.ar\/w\/wp-json\/wp\/v2\/posts"}],"about":[{"href":"https:\/\/crc.org.ar\/w\/wp-json\/wp\/v2\/types\/post"}],"author":[{"embeddable":true,"href":"https:\/\/crc.org.ar\/w\/wp-json\/wp\/v2\/users\/1"}],"replies":[{"embeddable":true,"href":"https:\/\/crc.org.ar\/w\/wp-json\/wp\/v2\/comments?post=1234"}],"version-history":[{"count":1,"href":"https:\/\/crc.org.ar\/w\/wp-json\/wp\/v2\/posts\/1234\/revisions"}],"predecessor-version":[{"id":1237,"href":"https:\/\/crc.org.ar\/w\/wp-json\/wp\/v2\/posts\/1234\/revisions\/1237"}],"wp:featuredmedia":[{"embeddable":true,"href":"https:\/\/crc.org.ar\/w\/wp-json\/wp\/v2\/media\/1236"}],"wp:attachment":[{"href":"https:\/\/crc.org.ar\/w\/wp-json\/wp\/v2\/media?parent=1234"}],"wp:term":[{"taxonomy":"category","embeddable":true,"href":"https:\/\/crc.org.ar\/w\/wp-json\/wp\/v2\/categories?post=1234"},{"taxonomy":"post_tag","embeddable":true,"href":"https:\/\/crc.org.ar\/w\/wp-json\/wp\/v2\/tags?post=1234"}],"curies":[{"name":"wp","href":"https:\/\/api.w.org\/{rel}","templated":true}]}}