{"id":12368,"date":"2018-09-13T17:42:47","date_gmt":"2018-09-13T20:42:47","guid":{"rendered":"https:\/\/crc.org.ar\/w\/?p=12368"},"modified":"2018-09-13T17:42:47","modified_gmt":"2018-09-13T20:42:47","slug":"alejandro-vera-gano-su-serie-y-va-a-la-final-c-del-mundial-de-bulgaria","status":"publish","type":"post","link":"https:\/\/crc.org.ar\/w\/alejandro-vera-gano-su-serie-y-va-a-la-final-c-del-mundial-de-bulgaria\/","title":{"rendered":"Alejandro Vera gan\u00f3 su serie y va a  la Final \u201cC\u201d del Mundial de Bulgaria"},"content":{"rendered":"<p>(Jueves 13 de septiembres de 2018). El remero del Club de Regatas Corrientes, Alejandro Vera, gan\u00f3 este jueves el Hit N\u00b0 1 y se meti\u00f3 a la Final \u201cC\u201d del Campeonato Mundial de remo adaptado en Bulgaria. Esto domingo ir\u00e1 por la decimotercera posici\u00f3n de la cita ecum\u00e9nica.<\/p>\n<p><!--more--><\/p>\n<p><a href=\"https:\/\/crc.org.ar\/w\/wp-content\/uploads\/2018\/09\/AlejandroVera-EnPlovdiv-Bulgaria2.jpg\"><img loading=\"lazy\" decoding=\"async\" class=\"aligncenter size-full wp-image-12369\" src=\"https:\/\/crc.org.ar\/w\/wp-content\/uploads\/2018\/09\/AlejandroVera-EnPlovdiv-Bulgaria2.jpg\" alt=\"\" width=\"1299\" height=\"731\" srcset=\"https:\/\/crc.org.ar\/w\/wp-content\/uploads\/2018\/09\/AlejandroVera-EnPlovdiv-Bulgaria2.jpg 1299w, https:\/\/crc.org.ar\/w\/wp-content\/uploads\/2018\/09\/AlejandroVera-EnPlovdiv-Bulgaria2-300x169.jpg 300w, https:\/\/crc.org.ar\/w\/wp-content\/uploads\/2018\/09\/AlejandroVera-EnPlovdiv-Bulgaria2-768x432.jpg 768w, https:\/\/crc.org.ar\/w\/wp-content\/uploads\/2018\/09\/AlejandroVera-EnPlovdiv-Bulgaria2-1024x576.jpg 1024w\" sizes=\"(max-width: 1299px) 100vw, 1299px\" \/><\/a>Despu\u00e9s de la adrenalina del debut, el pasado martes, y de la segunda jornada, el mi\u00e9rcoles, las pulsaciones volvieron a ritmo normal, aunque ya el cansancio f\u00edsico y psicol\u00f3gico comenzaron a jugar un papel preponderante en la cita ecum\u00e9nica.<\/p>\n<p>En este contexto y con un tiempo de11 minutos, 21 segundos y 98 cent\u00e9simas, el remero del Club de Regatas Corrientes, Alejandro Vera, gan\u00f3 el Hit N\u00b0 1 y disputar\u00e1 la Final \u201cC\u201d del Campeonato Mundial de remo adaptado en Plovdiv (Bulgaria).<\/p>\n<p>El japon\u00e9s Manesh Jayakodi qued\u00f3 segundo con una marca de 11\u201937\u201d36\/100, y el sirio Manesh Jayakodi tercero con un tiempo de 12\u201930\u201d57\/100; clasificando ambo tambi\u00e9n para la final \u201cC\u201d.<\/p>\n<p>En el Hit N\u00b0 2, en tanto, el ganador fue el israel\u00ed Shmuel Daniel con un registro de 11\u201908\u201d13\/100, seguido por el h\u00fangaro Zsolt Peto con un tiempo de 11\u201916\u201d45\/100, para clasificar ambos a la Final \u201cC\u201d.<\/p>\n<p>Ahora el gran objetivo de Vera ser\u00e1 ganar la Final \u201cC\u201d del Mundial, que se disputar\u00e1 el pr\u00f3ximo domingo, sabiendo que la empresa no ser\u00e1 f\u00e1cil, aunque recuperar\u00e1 fuerzas para el \u00faltimo envi\u00f3n an\u00edmico, tras no lograr su gran sue\u00f1o que era instalarse en la Final \u201cB\u201d.<\/p>\n<p>En ese sentido recordemos que Vera qued\u00f3 fuera de las semifinales, el pasado mi\u00e9rcoles, en el foto finish, con el nigeriano Kingsley Okoroafor, que cronometro un tiempo de 10 minutos, 35 segundos y 05 cent\u00e9simas<\/p>\n<p>Alejandro Vera, en la oportunidad, cronometro un tiempo de 10 minutos, 35 segundos y 46 cent\u00e9simas, su mejor marca hist\u00f3rica desde el cambio la canoa del club de Regatas Corrientes por los botes de competici\u00f3n de alto rendimiento.<\/p>\n","protected":false},"excerpt":{"rendered":"<p>(Jueves 13 de septiembres de 2018). El remero del Club de Regatas Corrientes, Alejandro Vera, gan\u00f3 este jueves el Hit N\u00b0 1 y se meti\u00f3 a la Final \u201cC\u201d del Campeonato Mundial de remo adaptado en Bulgaria. Esto domingo ir\u00e1 por la decimotercera posici\u00f3n de la cita ecum\u00e9nica. Despu\u00e9s de la adrenalina del debut, el &hellip;<\/p>\n","protected":false},"author":1,"featured_media":12369,"comment_status":"closed","ping_status":"closed","sticky":false,"template":"","format":"standard","meta":{"footnotes":""},"categories":[156,18],"tags":[],"_links":{"self":[{"href":"https:\/\/crc.org.ar\/w\/wp-json\/wp\/v2\/posts\/12368"}],"collection":[{"href":"https:\/\/crc.org.ar\/w\/wp-json\/wp\/v2\/posts"}],"about":[{"href":"https:\/\/crc.org.ar\/w\/wp-json\/wp\/v2\/types\/post"}],"author":[{"embeddable":true,"href":"https:\/\/crc.org.ar\/w\/wp-json\/wp\/v2\/users\/1"}],"replies":[{"embeddable":true,"href":"https:\/\/crc.org.ar\/w\/wp-json\/wp\/v2\/comments?post=12368"}],"version-history":[{"count":1,"href":"https:\/\/crc.org.ar\/w\/wp-json\/wp\/v2\/posts\/12368\/revisions"}],"predecessor-version":[{"id":12370,"href":"https:\/\/crc.org.ar\/w\/wp-json\/wp\/v2\/posts\/12368\/revisions\/12370"}],"wp:featuredmedia":[{"embeddable":true,"href":"https:\/\/crc.org.ar\/w\/wp-json\/wp\/v2\/media\/12369"}],"wp:attachment":[{"href":"https:\/\/crc.org.ar\/w\/wp-json\/wp\/v2\/media?parent=12368"}],"wp:term":[{"taxonomy":"category","embeddable":true,"href":"https:\/\/crc.org.ar\/w\/wp-json\/wp\/v2\/categories?post=12368"},{"taxonomy":"post_tag","embeddable":true,"href":"https:\/\/crc.org.ar\/w\/wp-json\/wp\/v2\/tags?post=12368"}],"curies":[{"name":"wp","href":"https:\/\/api.w.org\/{rel}","templated":true}]}}