{"id":12379,"date":"2018-09-14T17:37:56","date_gmt":"2018-09-14T20:37:56","guid":{"rendered":"https:\/\/crc.org.ar\/w\/?p=12379"},"modified":"2018-09-14T17:37:56","modified_gmt":"2018-09-14T20:37:56","slug":"no-se-limiten-se-puede-dijo-alejandro-vera-desde-bulgaria","status":"publish","type":"post","link":"https:\/\/crc.org.ar\/w\/no-se-limiten-se-puede-dijo-alejandro-vera-desde-bulgaria\/","title":{"rendered":"\u201cNo se limiten, se puede\u201d, dijo  Alejandro Vera desde Bulgaria"},"content":{"rendered":"<p>(Viernes 14 de septiembre de 2018). El remero del Club de Regatas Corrientes, Alejandro Vera, mientras entrena para disputar la Final \u201cC\u201d del Campeonato Mundial de para remo, el domingo en Plovdiv, Bulgaria, dej\u00f3 un mensaje para los j\u00f3venes: \u201cno se limiten, se puede\u201d.<\/p>\n<p><!--more--><br \/>\n<a href=\"https:\/\/crc.org.ar\/w\/wp-content\/uploads\/2018\/09\/Ale-Vera2.jpeg\"><img loading=\"lazy\" decoding=\"async\" class=\"alignleft size-medium wp-image-12380\" src=\"https:\/\/crc.org.ar\/w\/wp-content\/uploads\/2018\/09\/Ale-Vera2-300x169.jpeg\" alt=\"\" width=\"300\" height=\"169\" srcset=\"https:\/\/crc.org.ar\/w\/wp-content\/uploads\/2018\/09\/Ale-Vera2-300x169.jpeg 300w, https:\/\/crc.org.ar\/w\/wp-content\/uploads\/2018\/09\/Ale-Vera2-768x432.jpeg 768w, https:\/\/crc.org.ar\/w\/wp-content\/uploads\/2018\/09\/Ale-Vera2-1024x576.jpeg 1024w, https:\/\/crc.org.ar\/w\/wp-content\/uploads\/2018\/09\/Ale-Vera2.jpeg 1280w\" sizes=\"(max-width: 300px) 100vw, 300px\" \/><\/a>El remero del Club de Regatas Corrientes, Alejandro Vera (52 a\u00f1os), tras tres d\u00edas de intensa actividad en el Mundial de Plovdiv, Bulgaria, este viernes y s\u00e1bado entrenar\u00e1 para la Final \u201cC\u201d del Mundial que se disputar\u00e1 el domingo.<\/p>\n<p>El entrenamiento lo hace bajo las \u00f3rdenes del t\u00e9cnico de la Selecci\u00f3n Nacional de para remo, Esteban Briguglio y con el remero Guido Salgado, que hace de sparring para exigirlo en busca del gran objetivo.<\/p>\n<p>Despu\u00e9s de tanta adrenalina, tras haber quedado a un paso de la Semifinal, en realidad a cent\u00e9simas de segundos, el para remero de Regatas Corrientes tuvo un tiempo para reflexionar y dejar un mensaje: \u201cno se limiten, se puede\u201d.<\/p>\n<p>\u201cMi mensaje de aliento es para los j\u00f3venes, para los chicos, y especialmente para las personas que tienen alg\u00fan problema f\u00edsico. Mi mensaje es simple, no se limiten\u201d, sostuvo Alejandro Vera.<\/p>\n<p>Para luego completar diciendo \u201ccualquier persona con cualquier tipo de limitaci\u00f3n f\u00edsica puede realizar cualquier deporte, no solamente remo, sino cualquier disciplina deportiva adaptada; y lograr cualquier meta que se propongan\u201d.<\/p>\n<p>Y en este sentido hay que rescatar, a modo de ejemplos, los logros deportivos de Alejandro Vera en 2018, qued\u00e1ndose con la Copa Am\u00e9rica en la Argentina, y la medalla de plata en el Campeonato Sudamericano, en Chile.<\/p>\n<p>Adem\u00e1s, obvi\u00f3, de haber ganado el Selectivo para ser el remero n\u00famero uno en el ranking Argentino y lograr el pasaporte a su primer Campeonato Mundial en la categor\u00eda PR1 Single Sculls.<\/p>\n<p>Indudablemente Alejandro Vera es un ejemplo a imitar por su empuje, compromiso, temple, capacidad de trabajo, y especialmente por su mentalidad ganadora, la misma que le permiti\u00f3 transforma un sue\u00f1o en realidad.<\/p>\n<p>\u201cYo sab\u00eda que iba a ser dif\u00edcil meterme en la Final \u201cB\u201d. Quede ah\u00ed. Pero ac\u00e1 estoy dispuesto a seguir dando batalla. Esto me da m\u00e1s confianza, m\u00e1s fuerzas. Se puede, no tengo la menor duda que se puede\u201d, finaliz\u00f3 Vera cargado de optimismo.<\/p>\n","protected":false},"excerpt":{"rendered":"<p>(Viernes 14 de septiembre de 2018). El remero del Club de Regatas Corrientes, Alejandro Vera, mientras entrena para disputar la Final \u201cC\u201d del Campeonato Mundial de para remo, el domingo en Plovdiv, Bulgaria, dej\u00f3 un mensaje para los j\u00f3venes: \u201cno se limiten, se puede\u201d. El remero del Club de Regatas Corrientes, Alejandro Vera (52 a\u00f1os), &hellip;<\/p>\n","protected":false},"author":1,"featured_media":12380,"comment_status":"closed","ping_status":"closed","sticky":false,"template":"","format":"standard","meta":{"footnotes":""},"categories":[156,18],"tags":[],"_links":{"self":[{"href":"https:\/\/crc.org.ar\/w\/wp-json\/wp\/v2\/posts\/12379"}],"collection":[{"href":"https:\/\/crc.org.ar\/w\/wp-json\/wp\/v2\/posts"}],"about":[{"href":"https:\/\/crc.org.ar\/w\/wp-json\/wp\/v2\/types\/post"}],"author":[{"embeddable":true,"href":"https:\/\/crc.org.ar\/w\/wp-json\/wp\/v2\/users\/1"}],"replies":[{"embeddable":true,"href":"https:\/\/crc.org.ar\/w\/wp-json\/wp\/v2\/comments?post=12379"}],"version-history":[{"count":1,"href":"https:\/\/crc.org.ar\/w\/wp-json\/wp\/v2\/posts\/12379\/revisions"}],"predecessor-version":[{"id":12381,"href":"https:\/\/crc.org.ar\/w\/wp-json\/wp\/v2\/posts\/12379\/revisions\/12381"}],"wp:featuredmedia":[{"embeddable":true,"href":"https:\/\/crc.org.ar\/w\/wp-json\/wp\/v2\/media\/12380"}],"wp:attachment":[{"href":"https:\/\/crc.org.ar\/w\/wp-json\/wp\/v2\/media?parent=12379"}],"wp:term":[{"taxonomy":"category","embeddable":true,"href":"https:\/\/crc.org.ar\/w\/wp-json\/wp\/v2\/categories?post=12379"},{"taxonomy":"post_tag","embeddable":true,"href":"https:\/\/crc.org.ar\/w\/wp-json\/wp\/v2\/tags?post=12379"}],"curies":[{"name":"wp","href":"https:\/\/api.w.org\/{rel}","templated":true}]}}