{"id":12402,"date":"2018-09-15T16:01:22","date_gmt":"2018-09-15T19:01:22","guid":{"rendered":"https:\/\/crc.org.ar\/w\/?p=12402"},"modified":"2018-09-16T17:46:46","modified_gmt":"2018-09-16T20:46:46","slug":"alejandro-vera-busca-quedarse-con-la-final-c-del-mundial-de-bulgaria","status":"publish","type":"post","link":"https:\/\/crc.org.ar\/w\/alejandro-vera-busca-quedarse-con-la-final-c-del-mundial-de-bulgaria\/","title":{"rendered":"Alejandro Vera busca quedarse con la Final \u201cC\u201d del Mundial de Bulgaria"},"content":{"rendered":"<p>(S\u00e1bado 15 de septiembres de 2018). El remero del Club de Regatas Corrientes, Alejandro Vera, disputar\u00e1 este domingo la Final \u201cC\u201d del Campeonato Mundial de remo adaptado en Bulgaria, que llegar\u00e1 a su fin.<\/p>\n<p><!--more--><\/p>\n<p>Jornada de finales, y \u00faltima, ser\u00e1 la que se vivir\u00e1 este domingo en Plovdiv, Bulgaria, en el Campeonato Mundial de remo adaptado, y en donde el remero del Club de Regatas Corrientes, Alejandro Vera, ser\u00e1 protagonista.<\/p>\n<p><a href=\"https:\/\/crc.org.ar\/w\/wp-content\/uploads\/2018\/09\/Vera.jpeg\"><img loading=\"lazy\" decoding=\"async\" class=\"alignleft size-medium wp-image-12403\" src=\"https:\/\/crc.org.ar\/w\/wp-content\/uploads\/2018\/09\/Vera-300x189.jpeg\" alt=\"\" width=\"300\" height=\"189\" srcset=\"https:\/\/crc.org.ar\/w\/wp-content\/uploads\/2018\/09\/Vera-300x189.jpeg 300w, https:\/\/crc.org.ar\/w\/wp-content\/uploads\/2018\/09\/Vera-768x483.jpeg 768w, https:\/\/crc.org.ar\/w\/wp-content\/uploads\/2018\/09\/Vera-1024x644.jpeg 1024w, https:\/\/crc.org.ar\/w\/wp-content\/uploads\/2018\/09\/Vera.jpeg 1033w\" sizes=\"(max-width: 300px) 100vw, 300px\" \/><\/a><\/p>\n<p>Con un tiempo de 11 minutos, 21 segundos y 98 cent\u00e9simas, Alejandro Vera, se meti\u00f3 el pasado jueves en la Final \u201cC\u201d del Mundial, tras quedar eliminado de las semifinales, el pasado mi\u00e9rcoles en el foto finish, con el nigeriano Kingsley Okoroafor.<\/p>\n<p>Vera ir\u00e1 en busca de ganar la Final \u201cC\u201d, aunque sabe que la empresa no ser\u00e1 f\u00e1cil ya que tendr\u00e1 como oponentes al japon\u00e9s Manesh Jayakodi (11\u201937\u201d36\/100, tiempo de semifinal \u201cC\u201d\/\u201dD\u201d), l sirio Manesh Jayakodi (12\u201930\u201d57\/100), al israel\u00ed Shmuel Daniel (11\u201908\u201d13\/100), y a h\u00fangaro Zsolt Peto (11\u201916\u201d45\/100)<\/p>\n<p>Si bien los tiempos de sus rivales son buenos, Vera tanto el Hit 1 del primer d\u00eda de competencia, como el Repechaje tuvo excelentes tiempos, como el de 10 minutos, 35 segundos y 46 cent\u00e9simas, el mejor de su corta historia en el remo adaptado, por lo que su objetivo se puede lograr.<\/p>\n","protected":false},"excerpt":{"rendered":"<p>(S\u00e1bado 15 de septiembres de 2018). El remero del Club de Regatas Corrientes, Alejandro Vera, disputar\u00e1 este domingo la Final \u201cC\u201d del Campeonato Mundial de remo adaptado en Bulgaria, que llegar\u00e1 a su fin. Jornada de finales, y \u00faltima, ser\u00e1 la que se vivir\u00e1 este domingo en Plovdiv, Bulgaria, en el Campeonato Mundial de remo &hellip;<\/p>\n","protected":false},"author":1,"featured_media":12403,"comment_status":"closed","ping_status":"closed","sticky":false,"template":"","format":"standard","meta":{"footnotes":""},"categories":[18],"tags":[],"_links":{"self":[{"href":"https:\/\/crc.org.ar\/w\/wp-json\/wp\/v2\/posts\/12402"}],"collection":[{"href":"https:\/\/crc.org.ar\/w\/wp-json\/wp\/v2\/posts"}],"about":[{"href":"https:\/\/crc.org.ar\/w\/wp-json\/wp\/v2\/types\/post"}],"author":[{"embeddable":true,"href":"https:\/\/crc.org.ar\/w\/wp-json\/wp\/v2\/users\/1"}],"replies":[{"embeddable":true,"href":"https:\/\/crc.org.ar\/w\/wp-json\/wp\/v2\/comments?post=12402"}],"version-history":[{"count":1,"href":"https:\/\/crc.org.ar\/w\/wp-json\/wp\/v2\/posts\/12402\/revisions"}],"predecessor-version":[{"id":12404,"href":"https:\/\/crc.org.ar\/w\/wp-json\/wp\/v2\/posts\/12402\/revisions\/12404"}],"wp:featuredmedia":[{"embeddable":true,"href":"https:\/\/crc.org.ar\/w\/wp-json\/wp\/v2\/media\/12403"}],"wp:attachment":[{"href":"https:\/\/crc.org.ar\/w\/wp-json\/wp\/v2\/media?parent=12402"}],"wp:term":[{"taxonomy":"category","embeddable":true,"href":"https:\/\/crc.org.ar\/w\/wp-json\/wp\/v2\/categories?post=12402"},{"taxonomy":"post_tag","embeddable":true,"href":"https:\/\/crc.org.ar\/w\/wp-json\/wp\/v2\/tags?post=12402"}],"curies":[{"name":"wp","href":"https:\/\/api.w.org\/{rel}","templated":true}]}}