{"id":12406,"date":"2018-09-16T17:25:46","date_gmt":"2018-09-16T20:25:46","guid":{"rendered":"https:\/\/crc.org.ar\/w\/?p=12406"},"modified":"2018-09-16T17:46:16","modified_gmt":"2018-09-16T20:46:16","slug":"alejandro-vera-termino-segundo-en-la-final-c-del-mundial-de-bulgaria","status":"publish","type":"post","link":"https:\/\/crc.org.ar\/w\/alejandro-vera-termino-segundo-en-la-final-c-del-mundial-de-bulgaria\/","title":{"rendered":"Alejandro Vera termin\u00f3 segundo en la Final \u201cC\u201d del Mundial de Bulgaria"},"content":{"rendered":"<p>(Domingo 16 de septiembres de 2018). El remero del Club de Regatas Corrientes, Alejandro Vera, termin\u00f3 segundo en la Final \u201cC\u201d del Campeonato Mundial de remo adaptado en Bulgaria, que llegar\u00e1 este domingo a su fin.<\/p>\n<p><!--more--><br \/>\n<a href=\"https:\/\/crc.org.ar\/w\/wp-content\/uploads\/2018\/09\/ale-vera.jpg\"><img loading=\"lazy\" decoding=\"async\" class=\"alignleft size-medium wp-image-12407\" src=\"https:\/\/crc.org.ar\/w\/wp-content\/uploads\/2018\/09\/ale-vera-300x72.jpg\" alt=\"\" width=\"300\" height=\"72\" srcset=\"https:\/\/crc.org.ar\/w\/wp-content\/uploads\/2018\/09\/ale-vera-300x72.jpg 300w, https:\/\/crc.org.ar\/w\/wp-content\/uploads\/2018\/09\/ale-vera-768x185.jpg 768w, https:\/\/crc.org.ar\/w\/wp-content\/uploads\/2018\/09\/ale-vera.jpg 960w\" sizes=\"(max-width: 300px) 100vw, 300px\" \/><\/a>Con un registro de 10 minutos, 38 segundos y 70 cent\u00e9simas, Alejandro Vera, finaliz\u00f3 segundo en la Final \u201cC\u201d del Campeonato Mundial, que llegar\u00e1 a su fin este domingo en Plovdiv, Bulgaria.<\/p>\n<p>El ganador de la prueba fue el israel\u00ed Shmuel Daniel con una marca de 10 minutos, 29 segundos, y 80 cent\u00e9simas, en una regata que siempre la domin\u00f3 para marcar un gran tiempo y quedarse con la Final \u201cC\u201d.<\/p>\n<p>La tercera ubicaci\u00f3n qued\u00f3 para el japon\u00e9s Manesh Jayakodi, con un registro de 10 minutos, 45 segundos y 77 cent\u00e9simas; competidor que en los primeros 500 metros de los 2000 marchaba segundo.<\/p>\n<p>En tanto que el h\u00fangaro Zsolt Peto con un tiempo de 10 minutos, 51 segundos y 34 cent\u00e9simas finaliz\u00f3 cuarto, y el sirio Manesh Jayakodi con un registro de 11 minutos, 59 segundos y 47 cent\u00e9simas termin\u00f3 quinto.<\/p>\n<p>De esta manera Alejandro Vera cerr\u00f3 su primera experiencia mundialista, en una competencia en donde estuvo a la altura de las circunstancias, al punto que con su mejor tiempo hist\u00f3rico (10\u201935\u201d46\/100), quedo afuera de la Semifinal por foto finish<\/p>\n<p>\u201cMuy contento por lo realizado. Estamos cerca, siempre peleando posiciones y tenemos un a\u00f1o y medio para trabajar y lograr el objetivo\u201d, dijo Alejandro Vera desde Bulgaria so\u00f1ando ahora con Tokio 2020.<\/p>\n<p>\u201cLas felicitaciones del entrenador de Corrientes Fernando Ortiz y de la Selecci\u00f3n Argentina Esteban Broiguglio, son para m\u00ed muy importantes, me llenan de felicidad\u201d, sigui\u00f3 comentando.<\/p>\n<p>\u201cLos objetivos se est\u00e1n dando para llegar a Tokio 2020. Gracias a todos por el aliento y tambi\u00e9n al Gobierno de la Provincia, al Club de Regatas Corrientes y a Servicios Profesionales Veterinarios\u201d, dijo para terminar.<\/p>\n","protected":false},"excerpt":{"rendered":"<p>(Domingo 16 de septiembres de 2018). El remero del Club de Regatas Corrientes, Alejandro Vera, termin\u00f3 segundo en la Final \u201cC\u201d del Campeonato Mundial de remo adaptado en Bulgaria, que llegar\u00e1 este domingo a su fin. Con un registro de 10 minutos, 38 segundos y 70 cent\u00e9simas, Alejandro Vera, finaliz\u00f3 segundo en la Final \u201cC\u201d &hellip;<\/p>\n","protected":false},"author":1,"featured_media":12407,"comment_status":"closed","ping_status":"closed","sticky":false,"template":"","format":"standard","meta":{"footnotes":""},"categories":[156,18],"tags":[],"_links":{"self":[{"href":"https:\/\/crc.org.ar\/w\/wp-json\/wp\/v2\/posts\/12406"}],"collection":[{"href":"https:\/\/crc.org.ar\/w\/wp-json\/wp\/v2\/posts"}],"about":[{"href":"https:\/\/crc.org.ar\/w\/wp-json\/wp\/v2\/types\/post"}],"author":[{"embeddable":true,"href":"https:\/\/crc.org.ar\/w\/wp-json\/wp\/v2\/users\/1"}],"replies":[{"embeddable":true,"href":"https:\/\/crc.org.ar\/w\/wp-json\/wp\/v2\/comments?post=12406"}],"version-history":[{"count":1,"href":"https:\/\/crc.org.ar\/w\/wp-json\/wp\/v2\/posts\/12406\/revisions"}],"predecessor-version":[{"id":12408,"href":"https:\/\/crc.org.ar\/w\/wp-json\/wp\/v2\/posts\/12406\/revisions\/12408"}],"wp:featuredmedia":[{"embeddable":true,"href":"https:\/\/crc.org.ar\/w\/wp-json\/wp\/v2\/media\/12407"}],"wp:attachment":[{"href":"https:\/\/crc.org.ar\/w\/wp-json\/wp\/v2\/media?parent=12406"}],"wp:term":[{"taxonomy":"category","embeddable":true,"href":"https:\/\/crc.org.ar\/w\/wp-json\/wp\/v2\/categories?post=12406"},{"taxonomy":"post_tag","embeddable":true,"href":"https:\/\/crc.org.ar\/w\/wp-json\/wp\/v2\/tags?post=12406"}],"curies":[{"name":"wp","href":"https:\/\/api.w.org\/{rel}","templated":true}]}}