{"id":1247,"date":"2016-11-16T10:53:10","date_gmt":"2016-11-16T13:53:10","guid":{"rendered":"http:\/\/www.crc.org.ar\/w\/?p=1247"},"modified":"2016-11-16T10:53:10","modified_gmt":"2016-11-16T13:53:10","slug":"el-equipo-sigue-creciendo-dijo-paolo-quinteros","status":"publish","type":"post","link":"https:\/\/crc.org.ar\/w\/el-equipo-sigue-creciendo-dijo-paolo-quinteros\/","title":{"rendered":"\u201cEl equipo sigue creciendo\u201d, dijo Paolo Quinteros"},"content":{"rendered":"<p>(Mi\u00e9rcoles 16 de noviembre de 2016). Una vez m\u00e1s <strong>Paolo Quinteros<\/strong> se puso el traje de h\u00e9roe y llev\u00f3 a Regatas al triunfo con la \u00faltima canasta para estampar el dram\u00e1tico 77 a 76 sobre Ciclista Ol\u00edmpico de La Banda. \u201cEl equipo sigue creciendo\u201d, dijo en zona mixta.<!--more-->\u201cEl equipo sigue creciendo, est\u00e1 teniendo otra mentalidad. Est\u00e1 creyendo en sus fuerzas y eso nos da r\u00e9ditos para superar momentos dif\u00edciles, que es cuando m\u00e1s tranquilidad hay que tener. No hay que volverse locos, hay que tener confianza, y hoy el equipo lo demostr\u00f3\u201d, comenz\u00f3 diciendo el gran capit\u00e1n de Regatas Corrientes, <strong>Paolo Quinteros<\/strong> en zona mixta.<\/p>\n<p><strong>Diego Guaita<\/strong> hab\u00eda dejado en ventaja por uno a Ol\u00edmpico, tras dos tiros libres, y con s\u00f3lo 22 segundos por jugar. Era un momento de suma tensi\u00f3n, por el marcador, por el exiguo tiempo restante, y fundamentalmente porque los 12 puntos de deferencia que hab\u00eda logrado se hab\u00edan esfumado, y hab\u00eda que ver c\u00f3mo repercut\u00eda psic\u00f3ticamente en el plantel. \u00a0Pero Quinteros se hizo cargo de la situaci\u00f3n.<\/p>\n<p>\u201cQuise tomar esa responsabilidad, m\u00e1s all\u00e1 que no ven\u00eda teniendo un buen juego. Lo importante es siempre creer y tener fe, y por supuesto dejarlo todo. Pod\u00eda haberlo errado tambi\u00e9n, pero lo importante es haber tenido confianza y haber tomado esa responsabilidad\u201d, dijo el jugador franquicia respecto a la \u00faltima acci\u00f3n que termin\u00f3 en el doble de la victoria para el \u201cFantasma\u201d.<\/p>\n<p>Claro que para edificar la gran victoria ante Ol\u00edmpico, mucho tuvo que ver lo hecho por <strong>Pablo Espinoza<\/strong> en el tercer cuarto, imparable en esos diez minutos, o la gran participaci\u00f3n de la banca con <strong>Santiago Vida, Juan Pablo Arengo <\/strong>y<strong> Javier Saiz<\/strong>, con 30 puntos entre los tres; o el trabajo descomunal de los internos para disimular la ausencia del lesionado <strong>Fernando Martina<\/strong>, con un <strong>Fabi\u00e1n Ram\u00edrez Barrios<\/strong> que no tuvo inconvenientes de \u201cfajarse\u201d con el que estuviera cerca.<\/p>\n<p>\u201cLo que tenemos que lograr es que todos aportemos lo que cada una sabe individualmente para el bien del equipo. Por suerte estamos haciendo eso, el equipo no se est\u00e1 basando en uno o dos jugadores, sino que cuando los l\u00edderes ofensivos no est\u00e1n bien, dan un paso adelante el resto y eso es importante\u201d, coment\u00f3 el gran goleador al respecto.<\/p>\n<p>Regatas Corrientes, lenta pero progresivamente, va encontrando su fisonom\u00eda de equipo, de juego. Tras un inicio irregular, hoy se encuentra cuarto, junto a La Uni\u00f3n de Formosa, superando la l\u00ednea de Ciclista Ol\u00edmpico (tiene un partido menos), con un record positivo de 9 triunfos y 7 derrotas; y con una racha de cuatro victorias en fila en su reducto.<\/p>\n<p><img loading=\"lazy\" decoding=\"async\" class=\"aligncenter wp-image-1248 size-full\" src=\"http:\/\/www.crc.org.ar\/w\/wp-content\/uploads\/2016\/11\/QuinterosVsOlimpico-400.jpg\" alt=\"quinterosvsolimpico-400\" width=\"394\" height=\"336\" srcset=\"https:\/\/crc.org.ar\/w\/wp-content\/uploads\/2016\/11\/QuinterosVsOlimpico-400.jpg 394w, https:\/\/crc.org.ar\/w\/wp-content\/uploads\/2016\/11\/QuinterosVsOlimpico-400-300x256.jpg 300w\" sizes=\"(max-width: 394px) 100vw, 394px\" \/><\/p>\n<p>\u201cSab\u00edamos que hoy era un partido important\u00edsimo para nosotros. Ante un rival que puede ser directo, pero fundamentalmente porque es un gran rival, un grand\u00edsimo equipo, que quiz\u00e1s no haya tenido los resultados esperados en los \u00faltimos partidos, pero no deja de ser un gran equipo\u201d, a\u00f1adi\u00f3 el entrerriano.<\/p>\n<p>Para finalizar y consultado c\u00f3mo ve a Regatas de cara al futuro, Quinteros dijo que \u201choy lo veo muy bien. Veo a un equipo que se est\u00e1 consolidando, est\u00e1 creciendo, madurando. Hab\u00edamos arrancado un poco dubitativos, pero sab\u00edamos que ten\u00edamos, que tenemos, un gran potencial. Estamos tratando de explotar las virtudes y disimular los errores. Hoy veo un equipo m\u00e1s maduro, m\u00e1s compacto, que todav\u00eda tiene para crecer\u201d.<\/p>\n<p>&nbsp;<\/p>\n","protected":false},"excerpt":{"rendered":"<p>(Mi\u00e9rcoles 16 de noviembre de 2016). Una vez m\u00e1s Paolo Quinteros se puso el traje de h\u00e9roe y llev\u00f3 a Regatas al triunfo con la \u00faltima canasta para estampar el dram\u00e1tico 77 a 76 sobre Ciclista Ol\u00edmpico de La Banda. \u201cEl equipo sigue creciendo\u201d, dijo en zona mixta.\u201cEl equipo sigue creciendo, est\u00e1 teniendo otra mentalidad. &hellip;<\/p>\n","protected":false},"author":1,"featured_media":1248,"comment_status":"open","ping_status":"open","sticky":false,"template":"","format":"standard","meta":{"footnotes":""},"categories":[66,67,68],"tags":[],"_links":{"self":[{"href":"https:\/\/crc.org.ar\/w\/wp-json\/wp\/v2\/posts\/1247"}],"collection":[{"href":"https:\/\/crc.org.ar\/w\/wp-json\/wp\/v2\/posts"}],"about":[{"href":"https:\/\/crc.org.ar\/w\/wp-json\/wp\/v2\/types\/post"}],"author":[{"embeddable":true,"href":"https:\/\/crc.org.ar\/w\/wp-json\/wp\/v2\/users\/1"}],"replies":[{"embeddable":true,"href":"https:\/\/crc.org.ar\/w\/wp-json\/wp\/v2\/comments?post=1247"}],"version-history":[{"count":1,"href":"https:\/\/crc.org.ar\/w\/wp-json\/wp\/v2\/posts\/1247\/revisions"}],"predecessor-version":[{"id":1249,"href":"https:\/\/crc.org.ar\/w\/wp-json\/wp\/v2\/posts\/1247\/revisions\/1249"}],"wp:featuredmedia":[{"embeddable":true,"href":"https:\/\/crc.org.ar\/w\/wp-json\/wp\/v2\/media\/1248"}],"wp:attachment":[{"href":"https:\/\/crc.org.ar\/w\/wp-json\/wp\/v2\/media?parent=1247"}],"wp:term":[{"taxonomy":"category","embeddable":true,"href":"https:\/\/crc.org.ar\/w\/wp-json\/wp\/v2\/categories?post=1247"},{"taxonomy":"post_tag","embeddable":true,"href":"https:\/\/crc.org.ar\/w\/wp-json\/wp\/v2\/tags?post=1247"}],"curies":[{"name":"wp","href":"https:\/\/api.w.org\/{rel}","templated":true}]}}