{"id":1251,"date":"2016-11-16T21:56:53","date_gmt":"2016-11-17T00:56:53","guid":{"rendered":"http:\/\/www.crc.org.ar\/w\/?p=1251"},"modified":"2016-11-16T21:56:53","modified_gmt":"2016-11-17T00:56:53","slug":"chevon-troutman-reemplaza-a-joshua-duinker","status":"publish","type":"post","link":"https:\/\/crc.org.ar\/w\/chevon-troutman-reemplaza-a-joshua-duinker\/","title":{"rendered":"Chevon Troutman reemplaza a Joshua Duinker"},"content":{"rendered":"<p>(Mi\u00e9rcoles 16 de noviembre de 2016). Los tiempos del australiano, nacionalizado holand\u00e9s, <strong>Joshua Duinker<\/strong> en Regatas Corrientes llegaron a su fin. Por decisi\u00f3n t\u00e9cnica ser\u00e1 reemplazado por el estadounidense <strong>Chevon Troutman<\/strong>. El nuevo pivote llegar\u00e1 el viernes a al pa\u00eds.<!--more-->\u201cLamentablemente <strong>Joshua Duinker<\/strong> no se pudo adaptar a la competencia f\u00edsica de nuestra Liga. Es un excelente profesional, hizo todo lo que se le pidi\u00f3, pero no pudo dar respuesta a esta importante condici\u00f3n\u201d, dijo <strong>Gabriel Piccato<\/strong> respecto a la decisi\u00f3n tomada.<\/p>\n<p>\u201c<strong>Chevon Troutman<\/strong> re\u00fane las condiciones que estamos buscando. Creemos que tomamos la mejor decisi\u00f3n, que elegimos lo mejor para Regatas\u201d, contin\u00fao el entrenador ya hablando respecto a la nueva incorporaci\u00f3n, que este viernes llegar\u00e1 al pa\u00eds<\/p>\n<p>El pivote, de 2.02 metros de altura, nacido el 25 de noviembre de 1981 en Williamsport, Pennsylvania, viene de jugar en Orl\u00e9ans Loiret Basket en Francia (LNB Pro A.), en donde \u00a0jug\u00f3 28 partidos, promedio 13.1 puntos, 5.1 rebotes, en 22 minutos en cancha.<\/p>\n<p>\u201cEs un pivote que jug\u00f3 cuatro temporadas en Alemania en el Bayern Munich. Es decir estamos hablando de una de las Ligas m\u00e1s importantes de Europa, y en donde marc\u00f3 con solvencia a internos de mayor porte que \u00e9l\u201d, afirm\u00f3 el DT.<\/p>\n<p><img loading=\"lazy\" decoding=\"async\" class=\"size-medium wp-image-1252 alignleft\" src=\"http:\/\/www.crc.org.ar\/w\/wp-content\/uploads\/2016\/11\/Chevon-400-300x300.jpg\" alt=\"chevon-400\" width=\"300\" height=\"300\" srcset=\"https:\/\/crc.org.ar\/w\/wp-content\/uploads\/2016\/11\/Chevon-400-300x300.jpg 300w, https:\/\/crc.org.ar\/w\/wp-content\/uploads\/2016\/11\/Chevon-400-150x150.jpg 150w, https:\/\/crc.org.ar\/w\/wp-content\/uploads\/2016\/11\/Chevon-400-200x200.jpg 200w, https:\/\/crc.org.ar\/w\/wp-content\/uploads\/2016\/11\/Chevon-400.jpg 336w\" sizes=\"(max-width: 300px) 100vw, 300px\" \/>Cabe se\u00f1alar que <strong>Chevon Troutman<\/strong>, siguiendo con sus \u00faltimos antecedentes, \u00a0tiene pasado en Italia jugando en Pallacanestro Livorno y Air Avellino. Adem\u00e1s jug\u00f3 en Francia para Cesta Asvel.<\/p>\n<p>Tambi\u00e9n, como indic\u00f3 Piccato, jug\u00f3 la bundesliga con el Bayern Munich, donde fue campe\u00f3n en el 2014, hasta la temporada 2013-14, y luego se traslad\u00f3 a Polonia en la 2014-15, firmado para Stelmet Zielona Gora.<\/p>\n<p>Consultado por las condiciones t\u00e9cnicas y f\u00edsicas de <strong>Troutman, <\/strong>Piccato dijo que \u201ces un jugador de equipo, defensivo, rebotero, dotado f\u00ecsicamente. A ver, re\u00fane las condiciones que necesitamos, despu\u00e9s la realidad nos mostrar\u00e1 si funciona\u201d, termin\u00f3.<\/p>\n","protected":false},"excerpt":{"rendered":"<p>(Mi\u00e9rcoles 16 de noviembre de 2016). Los tiempos del australiano, nacionalizado holand\u00e9s, Joshua Duinker en Regatas Corrientes llegaron a su fin. Por decisi\u00f3n t\u00e9cnica ser\u00e1 reemplazado por el estadounidense Chevon Troutman. El nuevo pivote llegar\u00e1 el viernes a al pa\u00eds.\u201cLamentablemente Joshua Duinker no se pudo adaptar a la competencia f\u00edsica de nuestra Liga. Es un &hellip;<\/p>\n","protected":false},"author":1,"featured_media":1252,"comment_status":"open","ping_status":"open","sticky":false,"template":"","format":"standard","meta":{"footnotes":""},"categories":[66,67,68],"tags":[],"_links":{"self":[{"href":"https:\/\/crc.org.ar\/w\/wp-json\/wp\/v2\/posts\/1251"}],"collection":[{"href":"https:\/\/crc.org.ar\/w\/wp-json\/wp\/v2\/posts"}],"about":[{"href":"https:\/\/crc.org.ar\/w\/wp-json\/wp\/v2\/types\/post"}],"author":[{"embeddable":true,"href":"https:\/\/crc.org.ar\/w\/wp-json\/wp\/v2\/users\/1"}],"replies":[{"embeddable":true,"href":"https:\/\/crc.org.ar\/w\/wp-json\/wp\/v2\/comments?post=1251"}],"version-history":[{"count":1,"href":"https:\/\/crc.org.ar\/w\/wp-json\/wp\/v2\/posts\/1251\/revisions"}],"predecessor-version":[{"id":1253,"href":"https:\/\/crc.org.ar\/w\/wp-json\/wp\/v2\/posts\/1251\/revisions\/1253"}],"wp:featuredmedia":[{"embeddable":true,"href":"https:\/\/crc.org.ar\/w\/wp-json\/wp\/v2\/media\/1252"}],"wp:attachment":[{"href":"https:\/\/crc.org.ar\/w\/wp-json\/wp\/v2\/media?parent=1251"}],"wp:term":[{"taxonomy":"category","embeddable":true,"href":"https:\/\/crc.org.ar\/w\/wp-json\/wp\/v2\/categories?post=1251"},{"taxonomy":"post_tag","embeddable":true,"href":"https:\/\/crc.org.ar\/w\/wp-json\/wp\/v2\/tags?post=1251"}],"curies":[{"name":"wp","href":"https:\/\/api.w.org\/{rel}","templated":true}]}}