{"id":1265,"date":"2016-11-18T17:18:46","date_gmt":"2016-11-18T20:18:46","guid":{"rendered":"http:\/\/www.crc.org.ar\/w\/?p=1265"},"modified":"2016-11-18T17:18:46","modified_gmt":"2016-11-18T20:18:46","slug":"regatas-dira-presente-en-el-super-8-de-las-ciudades","status":"publish","type":"post","link":"https:\/\/crc.org.ar\/w\/regatas-dira-presente-en-el-super-8-de-las-ciudades\/","title":{"rendered":"Regatas  dir\u00e1 presente en el S\u00faper 8 de las Ciudades"},"content":{"rendered":"<p>(Viernes 18 de noviembre de 2016). El equipo de primera de b\u00e1squetbol femenino del Club de Regatas Corrientes jugar\u00e1 este fin de semana en Goya el torneo S\u00faper 8 de las Ciudades, en una hecho in\u00e9dito para la actividad.<!--more-->Goya espera por la fiesta del b\u00e1squetbol femenino, en un hecho in\u00e9dito que se llevar\u00e1 a cabo s\u00e1bado y domingo. Equipos de Goya, Saladas y Corrientes, le dar\u00e1n vida a la competencia.<\/p>\n<p>De la competencia, por Goya jugar\u00e1n Uni\u00f3n, Juventud Unida, A.M.A.D. y Social Antorcha de Saladas; en tanto por la capital provincial lo har\u00e1n Malvinas 1536 Viviendas, Regatas Corrientes, Alvear y Ping\u00fcinos.<\/p>\n<p>Bajo la conducci\u00f3n t\u00e9cnica de <strong>Antonio \u201cTono\u201d Dusset<\/strong>, la delegaci\u00f3n Fantasma\u201d est\u00e1 viajando este s\u00e1bado a Goya para afrontar la in\u00e9dita competencia, y que habla de c\u00f3mo viene creciendo la disciplina.<\/p>\n<p><strong>PLANTEL \u201cREMERO\u201d<\/strong><br \/>\nEl equipo \u201cFantasma\u201d que viajar\u00e1 a Goya, con Dusset, es el siguiente: <strong>Carla Dusset, Paula Fraschia, Romina Stacciuoli, Evelin Stucke, Roc\u00edo Lizardia, Karen Ibalo D\u00edaz, Constanza Mauri\u00f1o, Lourdes Paiz Denis, Carolina Paiz Denis, Clara Mend\u00edaz, Claudia Braidot, y Laura Gonz\u00e1lez.<\/strong><\/p>\n<p><strong>COMO SE JUEGA<\/strong><br \/>\nJugar\u00e1n con el sistema de playoff (a un s\u00f3lo juego) para definir zonas. El 1\u00b0 de Goya vs. 4\u00b0 de Corrientes, 1\u00b0 de Corrientes vs. 4\u00b0 de Goya, 2\u00b0 de Goya vs. 3\u00b0 de Corrientes y 2\u00b0 de Corrientes vs. 3\u00b0 de Goya.<\/p>\n<p>Luego los cuatro (4) ganadores continuar\u00e1n jugando por la ronda Campeonato y los cuatro Perdedores por la ronda Est\u00edmulo; y lo har\u00e1n en los estadios <strong>\u201c<\/strong>Juan A. Faturo\u201d y Juventud Unida.<\/p>\n<p><strong>PROGRAMA<\/strong><br \/>\n<strong>El programa de la primera jornada (S\u00e1bado 19):<\/strong> <strong>Estadio \u201cJuan A. Faturo\u201d:<\/strong> 20,30 hs. Uni\u00f3n vs. Ping\u00fcinos, y 22,00 hs. AMAD vs. Regatas. <strong>Estadio Juventud Unida:<\/strong> 20,30 hs. Social Antorcha vs. 1536 Viviendas y 22,00 hs. Juventud Unida vs. Alvear.<\/p>\n","protected":false},"excerpt":{"rendered":"<p>(Viernes 18 de noviembre de 2016). El equipo de primera de b\u00e1squetbol femenino del Club de Regatas Corrientes jugar\u00e1 este fin de semana en Goya el torneo S\u00faper 8 de las Ciudades, en una hecho in\u00e9dito para la actividad.Goya espera por la fiesta del b\u00e1squetbol femenino, en un hecho in\u00e9dito que se llevar\u00e1 a cabo &hellip;<\/p>\n","protected":false},"author":1,"featured_media":1266,"comment_status":"open","ping_status":"open","sticky":false,"template":"","format":"standard","meta":{"footnotes":""},"categories":[66,79],"tags":[],"_links":{"self":[{"href":"https:\/\/crc.org.ar\/w\/wp-json\/wp\/v2\/posts\/1265"}],"collection":[{"href":"https:\/\/crc.org.ar\/w\/wp-json\/wp\/v2\/posts"}],"about":[{"href":"https:\/\/crc.org.ar\/w\/wp-json\/wp\/v2\/types\/post"}],"author":[{"embeddable":true,"href":"https:\/\/crc.org.ar\/w\/wp-json\/wp\/v2\/users\/1"}],"replies":[{"embeddable":true,"href":"https:\/\/crc.org.ar\/w\/wp-json\/wp\/v2\/comments?post=1265"}],"version-history":[{"count":1,"href":"https:\/\/crc.org.ar\/w\/wp-json\/wp\/v2\/posts\/1265\/revisions"}],"predecessor-version":[{"id":1267,"href":"https:\/\/crc.org.ar\/w\/wp-json\/wp\/v2\/posts\/1265\/revisions\/1267"}],"wp:featuredmedia":[{"embeddable":true,"href":"https:\/\/crc.org.ar\/w\/wp-json\/wp\/v2\/media\/1266"}],"wp:attachment":[{"href":"https:\/\/crc.org.ar\/w\/wp-json\/wp\/v2\/media?parent=1265"}],"wp:term":[{"taxonomy":"category","embeddable":true,"href":"https:\/\/crc.org.ar\/w\/wp-json\/wp\/v2\/categories?post=1265"},{"taxonomy":"post_tag","embeddable":true,"href":"https:\/\/crc.org.ar\/w\/wp-json\/wp\/v2\/tags?post=1265"}],"curies":[{"name":"wp","href":"https:\/\/api.w.org\/{rel}","templated":true}]}}