{"id":1272,"date":"2016-11-18T19:10:12","date_gmt":"2016-11-18T22:10:12","guid":{"rendered":"http:\/\/www.crc.org.ar\/w\/?p=1272"},"modified":"2016-11-18T19:10:12","modified_gmt":"2016-11-18T22:10:12","slug":"tiempo-de-finales-en-el-campeonato-argentino","status":"publish","type":"post","link":"https:\/\/crc.org.ar\/w\/tiempo-de-finales-en-el-campeonato-argentino\/","title":{"rendered":"Tiempo  de finales en el Campeonato Argentino"},"content":{"rendered":"<p>(Viernes 18 de noviembre de 2016). Lleg\u00f3 el tiempo de las finales en el Campeonato Argentino de Remo, que comenz\u00f3 el jueves en la pista Nacional de Tigre. Ser\u00e1 un fin de semana a pura adrenalina, y en donde el equipo de remo de la instituci\u00f3n del parque Mitre buscar\u00e1 codearse con los mejores.<!--more--><\/p>\n<p>Este fin de semana en la Pista Nacional de remo y canotaje de Tigre, provincia de Buenos Aires, se llevar\u00e1n a cabo las finales de una nueva edici\u00f3n del Campeonato Argentino de remo, que comenz\u00f3 el jueves con las eliminatorias.<\/p>\n<p>La competencia, que cierra la temporada 2016 de la Asociaci\u00f3n Argentina de Remeros Aficionados (AARA), cuenta con el equipo del Club de Regatas Corrientes, al frente del coordinador <strong>Jorge Duet<\/strong>, y los entrenadores <strong>Mar\u00eda P\u00eda Pividori <\/strong>y<strong> Sebasti\u00e1n Bajac<\/strong>.<\/p>\n<p>La delegaci\u00f3n regatense se encuentra integrada por j\u00f3venes remeros, de promisorio futuro, adem\u00e1s del remero de la selecci\u00f3n nacional adaptada <strong>Alejandro Vera<\/strong>; en lo que ser\u00e1 la antesala de una nueva participaci\u00f3n internacional esta vez en Brasil.<\/p>\n<p>Todas las embarcaciones regatenses estar\u00e1n en la final \u201cA\u201d, salvo <strong>Sara Gianeselli<\/strong> que en las eliminatorias clasific\u00f3 entre los catorce mejores tiempos, pasando a las semifinales en donde qued\u00f3 quinta, por lo que competir\u00e1 en la final \u201cB\u201d.<\/p>\n<p>Es importante remarcar que la remera, dentro del Programa \u201cJuegos Ol\u00edmpicos de la Juventud, Buenos Aires 2016\u201d, no se sinti\u00f3 c\u00f3moda con la embarcaci\u00f3n que le prestaron y eso conspir\u00f3 contra su producci\u00f3n.<\/p>\n<p>En tanto estar\u00e1n en la final \u201cA\u201d, <strong>Augusto Ciumpalo <\/strong>y<strong> Lisandro Arce<\/strong> en dos sin menor, tambi\u00e9n en el Programa \u201cBuenos Aires 2016\u201d, <strong>Mar\u00eda Paz Adis<\/strong> en single cadete, <strong>Antonio M\u00e9ndez y Esteban Ib\u00e1\u00f1ez<\/strong> en dos sin intermedia; y <strong>Alejandro Vera<\/strong> en un single adaptado.<\/p>\n<p><strong>LOS MASTER<\/strong><br \/>\nEn tanto que de la Agrupaci\u00f3n m\u00e1ster competir\u00e1n <strong>Ana Mar\u00eda Pato<\/strong> en single A, C, D; <strong>Fernando Ortiz <\/strong>y<strong> Pablo Geyer <\/strong>en doble C; <strong>Felipe Ojeda<\/strong> en single D; <strong>Omar Ferrari<\/strong> en single E; y <strong>Ver\u00f3nica Chequin <\/strong>y<strong> Ana Mar\u00eda Pato<\/strong> en doble C, E<\/p>\n<p>Adem\u00e1s de <strong>Fernando Ortiz <\/strong>y<strong> Ana Mar\u00eda Pato<\/strong> en doble mixto D, E; <strong>Ver\u00f3nica Chequin, Fernando Ortiz, Ana Mar\u00eda Pato <\/strong>y<strong> Pablo Geyer <\/strong>en cu\u00e1druple B, C, F; y <strong>Felipe Ojeda, Omar Ferrari, Gerardo Bufarull <\/strong>y<strong> Andr\u00e9s Madero<\/strong> en cu\u00e1druple D, E, H.<\/p>\n","protected":false},"excerpt":{"rendered":"<p>(Viernes 18 de noviembre de 2016). Lleg\u00f3 el tiempo de las finales en el Campeonato Argentino de Remo, que comenz\u00f3 el jueves en la pista Nacional de Tigre. Ser\u00e1 un fin de semana a pura adrenalina, y en donde el equipo de remo de la instituci\u00f3n del parque Mitre buscar\u00e1 codearse con los mejores. Este &hellip;<\/p>\n","protected":false},"author":1,"featured_media":1273,"comment_status":"open","ping_status":"open","sticky":false,"template":"","format":"standard","meta":{"footnotes":""},"categories":[18],"tags":[],"_links":{"self":[{"href":"https:\/\/crc.org.ar\/w\/wp-json\/wp\/v2\/posts\/1272"}],"collection":[{"href":"https:\/\/crc.org.ar\/w\/wp-json\/wp\/v2\/posts"}],"about":[{"href":"https:\/\/crc.org.ar\/w\/wp-json\/wp\/v2\/types\/post"}],"author":[{"embeddable":true,"href":"https:\/\/crc.org.ar\/w\/wp-json\/wp\/v2\/users\/1"}],"replies":[{"embeddable":true,"href":"https:\/\/crc.org.ar\/w\/wp-json\/wp\/v2\/comments?post=1272"}],"version-history":[{"count":1,"href":"https:\/\/crc.org.ar\/w\/wp-json\/wp\/v2\/posts\/1272\/revisions"}],"predecessor-version":[{"id":1274,"href":"https:\/\/crc.org.ar\/w\/wp-json\/wp\/v2\/posts\/1272\/revisions\/1274"}],"wp:featuredmedia":[{"embeddable":true,"href":"https:\/\/crc.org.ar\/w\/wp-json\/wp\/v2\/media\/1273"}],"wp:attachment":[{"href":"https:\/\/crc.org.ar\/w\/wp-json\/wp\/v2\/media?parent=1272"}],"wp:term":[{"taxonomy":"category","embeddable":true,"href":"https:\/\/crc.org.ar\/w\/wp-json\/wp\/v2\/categories?post=1272"},{"taxonomy":"post_tag","embeddable":true,"href":"https:\/\/crc.org.ar\/w\/wp-json\/wp\/v2\/tags?post=1272"}],"curies":[{"name":"wp","href":"https:\/\/api.w.org\/{rel}","templated":true}]}}