{"id":12874,"date":"2018-10-01T18:20:55","date_gmt":"2018-10-01T21:20:55","guid":{"rendered":"https:\/\/crc.org.ar\/w\/?p=12874"},"modified":"2018-10-01T18:20:55","modified_gmt":"2018-10-01T21:20:55","slug":"galarza-vilte-bolch-y-nunez-a-las-finales-de-los-juegos-evita-en-mar-del-plata","status":"publish","type":"post","link":"https:\/\/crc.org.ar\/w\/galarza-vilte-bolch-y-nunez-a-las-finales-de-los-juegos-evita-en-mar-del-plata\/","title":{"rendered":"Galarza, Vilte Bolch y N\u00fa\u00f1ez a las finales  de los Juegos Evita en Mar del Plata"},"content":{"rendered":"<p>(Lunes 1 de octubre de 2018). En el marco de las finales de los Juegos Correntinos 2018, los jugadores del Club de Regatas Corrientes, Luciano Galarza, Fernan Vilte Bolch y Nicol\u00e1s N\u00fa\u00f1ez se clasificaron para las Finales de los Juegos Evita en Mar del Plata.<\/p>\n<p><!--more--><\/p>\n<p><a href=\"https:\/\/crc.org.ar\/w\/wp-content\/uploads\/2018\/10\/Nico-Nunez1.jpeg\"><img loading=\"lazy\" decoding=\"async\" class=\"alignleft size-medium wp-image-12875\" src=\"https:\/\/crc.org.ar\/w\/wp-content\/uploads\/2018\/10\/Nico-Nunez1-195x300.jpeg\" alt=\"\" width=\"195\" height=\"300\" srcset=\"https:\/\/crc.org.ar\/w\/wp-content\/uploads\/2018\/10\/Nico-Nunez1-195x300.jpeg 195w, https:\/\/crc.org.ar\/w\/wp-content\/uploads\/2018\/10\/Nico-Nunez1.jpeg 768w, https:\/\/crc.org.ar\/w\/wp-content\/uploads\/2018\/10\/Nico-Nunez1-666x1024.jpeg 666w\" sizes=\"(max-width: 195px) 100vw, 195px\" \/><\/a>Tras sortear la etapa Zonal y la Provincial de los \u201cJuegos Correntinos 2018\u201d, tres representantes del Club de Regatas Corrientes sacaron boleto para las finales de los Juegos Deportivos Evita en Mar del Plata.<\/p>\n<p>La etapa Zonal se llev\u00f3 a cabo en las instalaciones del Club de Regatas Corrientes aprovechado toda su log\u00edstica e infraestructura, y el Provincial tuvo como sede al Albergue Deportivo de la capital correntina.<\/p>\n<p>Tras una larga jornada y contienda, los representantes del Club de Regatas Corrientes Luciano Galarza, Fernan Vilte Bolch y Nicol\u00e1s N\u00fa\u00f1ez sacaron boleto a las finales de la tradicional competencia.<\/p>\n<p>En tanto que entre las mujeres, las clasificadas fueron del interior provincial tales los casos de: Milagros Escobar (Bella Vista), Guillermina Ram\u00edrez Ver\u00f3n (Gobernador Virasoro), y Abril A\u00f1asco (Gobernador Virasoro).<\/p>\n<p>Recordemos que la etapa Nacional estar\u00e1 comenzando el pr\u00f3ximo 22 de octubre, y se extender\u00e1 hasta el 27 del mismo mes, en donde asistir\u00e1n todas las provincias del pa\u00eds, entre ellas la delegaci\u00f3n de Corrientes.<\/p>\n","protected":false},"excerpt":{"rendered":"<p>(Lunes 1 de octubre de 2018). En el marco de las finales de los Juegos Correntinos 2018, los jugadores del Club de Regatas Corrientes, Luciano Galarza, Fernan Vilte Bolch y Nicol\u00e1s N\u00fa\u00f1ez se clasificaron para las Finales de los Juegos Evita en Mar del Plata. Tras sortear la etapa Zonal y la Provincial de los &hellip;<\/p>\n","protected":false},"author":1,"featured_media":12876,"comment_status":"closed","ping_status":"closed","sticky":false,"template":"","format":"standard","meta":{"footnotes":""},"categories":[156,13],"tags":[],"_links":{"self":[{"href":"https:\/\/crc.org.ar\/w\/wp-json\/wp\/v2\/posts\/12874"}],"collection":[{"href":"https:\/\/crc.org.ar\/w\/wp-json\/wp\/v2\/posts"}],"about":[{"href":"https:\/\/crc.org.ar\/w\/wp-json\/wp\/v2\/types\/post"}],"author":[{"embeddable":true,"href":"https:\/\/crc.org.ar\/w\/wp-json\/wp\/v2\/users\/1"}],"replies":[{"embeddable":true,"href":"https:\/\/crc.org.ar\/w\/wp-json\/wp\/v2\/comments?post=12874"}],"version-history":[{"count":1,"href":"https:\/\/crc.org.ar\/w\/wp-json\/wp\/v2\/posts\/12874\/revisions"}],"predecessor-version":[{"id":12877,"href":"https:\/\/crc.org.ar\/w\/wp-json\/wp\/v2\/posts\/12874\/revisions\/12877"}],"wp:featuredmedia":[{"embeddable":true,"href":"https:\/\/crc.org.ar\/w\/wp-json\/wp\/v2\/media\/12876"}],"wp:attachment":[{"href":"https:\/\/crc.org.ar\/w\/wp-json\/wp\/v2\/media?parent=12874"}],"wp:term":[{"taxonomy":"category","embeddable":true,"href":"https:\/\/crc.org.ar\/w\/wp-json\/wp\/v2\/categories?post=12874"},{"taxonomy":"post_tag","embeddable":true,"href":"https:\/\/crc.org.ar\/w\/wp-json\/wp\/v2\/tags?post=12874"}],"curies":[{"name":"wp","href":"https:\/\/api.w.org\/{rel}","templated":true}]}}