{"id":1298,"date":"2016-11-21T16:17:28","date_gmt":"2016-11-21T19:17:28","guid":{"rendered":"http:\/\/www.crc.org.ar\/w\/?p=1298"},"modified":"2020-04-28T08:50:04","modified_gmt":"2020-04-28T11:50:04","slug":"gran-actuacion-de-regatas-en-el-desafio-laguna-totora","status":"publish","type":"post","link":"https:\/\/crc.org.ar\/w\/gran-actuacion-de-regatas-en-el-desafio-laguna-totora\/","title":{"rendered":"Gran actuaci\u00f3n de Regatas en el Desaf\u00edo Laguna Totora"},"content":{"rendered":"<p>(Lunes 21 de noviembre de 2016). Con un show in\u00e9dito y cargado de velas, la emblem\u00e1tica Laguna Totora se visti\u00f3 de fiesta con la II edici\u00f3n de la Regata Desaf\u00edo en San Cosme. M\u00e1s de 50 navegantes se dieron cita el fin de semana, con gran performance del equipo del Club de Regatas Corrientes.<!--more-->En el espejo de agua de la localidad de San Cosme, el \u00faltimo fin de semana, tuvo lugar la II edici\u00f3n de la Regata Desaf\u00edo, reservado para vela ligera, en las categor\u00edas Cadets, Laser y Optimist.<\/p>\n<p>Cincuenta (50) navegantes desde los 7 a los 50 a\u00f1os de edad, con participantes de Posadas, Asunci\u00f3n, Corrientes y Resistencia, le dieron marco y brill\u00f3 a una competencia de la que particip\u00f3 el equipo del Club de Regatas Corrientes.<\/p>\n<p>Los instructores <strong>Ernesto Soto Demonte y Mario Delfino<\/strong>, que encabezaron la delegaci\u00f3n regatense, agradecieron muy especialmente la colaboraci\u00f3n de la subcomisi\u00f3n y de los padres que ayudaron en la log\u00edstica para el traslado de chicos y embarcaciones.<\/p>\n<p>LA COMPETENCIA<br \/>\nEl s\u00e1bado, en una jornada soleada, se disputaron tres regatas, y el domingo, ya algo nublado pero con menores vientos, se pudieron completar dos regatas, para hacer un total de cinco regatas programadas en el circuito boyado preparado en la Laguna Totora.<\/p>\n<p>En la categor\u00eda Optimist Timoneles, la m\u00e1s competitiva del Desaf\u00edo, inclusive con nautas de selecci\u00f3n nacional que integran el equipo del Yatch Club Posadas (YCP), <strong>Charata Mackinon <\/strong>se qued\u00f3 con la competencia, en tanto <strong>Joaquin Viltle <\/strong>(CRC) fue s\u00e9ptimo.<\/p>\n<p>En tanto que en la clase Cadets se quedaron con el primer puesto<strong> Santiago Guglielmoni y Guillermo Segovia Aleman (Regatas Corrientes);<\/strong> y en la Clase Laser Radial el uno fue para <strong>Emilio Durand (Regatas Corrientes).<\/strong><\/p>\n<p>Al finalizar las competencias los participantes disfrutaron de un almuerzo marinero y se procedi\u00f3 a la entrega de premios, donde se destac\u00f3 el gran n\u00famero y calidad de los participantes provenientes de Posadas.<\/p>\n<p>Es importante consignar que la competencia, organizada por el Yatch Club Corrientes, cont\u00f3 con el apoyo de la Municipalidad de la localidad de San Cosme, como as\u00ed tambi\u00e9n del Ministerio de Turismo de la Provincia.<\/p>\n<p><strong>CLASIFICACION FINAL<\/strong><br \/>\n<strong>Cadets:<\/strong> <strong>1\u00ba) Santiago Guglielmoni y Guillermo Segovia Aleman (Regatas Corrientes); <\/strong>y<strong> 2\u00ba) Facundo Stang Piu y Bianca Fiamini (Regatas Corrientes).<\/strong><\/p>\n<p><strong>LASER <\/strong><br \/>\n<strong>Est\u00e1ndar:<\/strong> 1\u00ba) Rodrigo Zalazar Yatch Club Posadas), 2\u00ba) Federico Cabello Yatch Club Posadas), y 3\u00ba) Florencia Zalazar (Yatch Club Posadas).<\/p>\n<p><strong>Radial:<\/strong> <strong>1\u00b0) Emilio Durand (Regatas Corrientes),<\/strong> 2\u00b0) Tob\u00edas Alcaraz (Yatch Club Posadas) y 3\u00b0) Patricio Sussini (Yatch Club Corrientes).<\/p>\n<p><strong>Laser 47:<\/strong> 1\u00b0) Leandro Burtnik, 2\u00b0) Ivot\u00ed Ifr\u00e1n; 3\u00b0) Joaqu\u00edn Ayala.<\/p>\n<p><strong>OPTIMIST <\/strong><br \/>\n<strong>Timoneles:<\/strong> 1\u00b0) Charata Mackinon (Yacht Club Posadas); 2\u00b0) Marina Ifr\u00e1n; 3\u00b0) Malena Bernau; y <strong>7\u00b0) Joaquin Viltle (Regatas Corrientes).<\/strong><\/p>\n<p><strong>Principiantes:<\/strong> 1\u00b0) V\u00edctor Galeano; 2\u00b0) Mateo Barreto, 3\u00b0) Martina Genes, <strong>4\u00b0) Lisandro Gouman (Regatas Corrientes), <\/strong>y<strong> 5\u00b0) Mat\u00edas Gouman (Regatas Corrientes).<\/strong><\/p>\n<p><strong>Escuela:<\/strong> 1\u00b0) Miguel Selles (Yatch Club Corrientes), 2\u00b0) Carmela Barreto, 3\u00b0) Luciano Del Pietro, y <strong>4\u00b0) Ernesto Soto Demonte (h) (Regatas Corrientes).<\/strong><\/p>\n","protected":false},"excerpt":{"rendered":"<p>(Lunes 21 de noviembre de 2016). Con un show in\u00e9dito y cargado de velas, la emblem\u00e1tica Laguna Totora se visti\u00f3 de fiesta con la II edici\u00f3n de la Regata Desaf\u00edo en San Cosme. M\u00e1s de 50 navegantes se dieron cita el fin de semana, con gran performance del equipo del Club de Regatas Corrientes.En el &hellip;<\/p>\n","protected":false},"author":1,"featured_media":1299,"comment_status":"closed","ping_status":"closed","sticky":false,"template":"","format":"standard","meta":{"footnotes":""},"categories":[75],"tags":[],"_links":{"self":[{"href":"https:\/\/crc.org.ar\/w\/wp-json\/wp\/v2\/posts\/1298"}],"collection":[{"href":"https:\/\/crc.org.ar\/w\/wp-json\/wp\/v2\/posts"}],"about":[{"href":"https:\/\/crc.org.ar\/w\/wp-json\/wp\/v2\/types\/post"}],"author":[{"embeddable":true,"href":"https:\/\/crc.org.ar\/w\/wp-json\/wp\/v2\/users\/1"}],"replies":[{"embeddable":true,"href":"https:\/\/crc.org.ar\/w\/wp-json\/wp\/v2\/comments?post=1298"}],"version-history":[{"count":1,"href":"https:\/\/crc.org.ar\/w\/wp-json\/wp\/v2\/posts\/1298\/revisions"}],"predecessor-version":[{"id":1300,"href":"https:\/\/crc.org.ar\/w\/wp-json\/wp\/v2\/posts\/1298\/revisions\/1300"}],"wp:featuredmedia":[{"embeddable":true,"href":"https:\/\/crc.org.ar\/w\/wp-json\/wp\/v2\/media\/1299"}],"wp:attachment":[{"href":"https:\/\/crc.org.ar\/w\/wp-json\/wp\/v2\/media?parent=1298"}],"wp:term":[{"taxonomy":"category","embeddable":true,"href":"https:\/\/crc.org.ar\/w\/wp-json\/wp\/v2\/categories?post=1298"},{"taxonomy":"post_tag","embeddable":true,"href":"https:\/\/crc.org.ar\/w\/wp-json\/wp\/v2\/tags?post=1298"}],"curies":[{"name":"wp","href":"https:\/\/api.w.org\/{rel}","templated":true}]}}