{"id":13294,"date":"2018-10-18T16:50:26","date_gmt":"2018-10-18T19:50:26","guid":{"rendered":"https:\/\/crc.org.ar\/w\/?p=13294"},"modified":"2018-10-18T16:50:26","modified_gmt":"2018-10-18T19:50:26","slug":"regatas-se-quedo-con-el-clasico-en-el-torneo-oficial-de-la-abcc","status":"publish","type":"post","link":"https:\/\/crc.org.ar\/w\/regatas-se-quedo-con-el-clasico-en-el-torneo-oficial-de-la-abcc\/","title":{"rendered":"Regatas se qued\u00f3 con el cl\u00e1sico  en el Torneo Oficial de la ABCC"},"content":{"rendered":"<p>(Jueves 18 de octubre de 2018). Por la novena fecha del Torneo Oficial de la Asociaci\u00f3n de B\u00e1squetbol de la Ciudad de Corrientes (ABCC), Regatas Corrientes super\u00f3 claramente a su cl\u00e1sico rival, San Mart\u00edn por 60 a 47. Gran trabajo de Joaqu\u00edn Sosa goleador del juego con 23 puntos.<\/p>\n<p><!--more--><br \/>\nRegata Corrientes sigue pisando fuerte en el Torneo Oficial de la Asociaci\u00f3n de B\u00e1squetbol de la Ciudad de Corrientes (ABCC). Al triunfo conseguido la semana anterior ante Juventus, dej\u00e1ndolo sin invicto, ahora se suma la victoria ante su cl\u00e1sico rival, San Mart\u00edn.<\/p>\n<p>Un gran trabajo defensivo, principalmente en el primer tiempo, en donde San Mart\u00edn apenas marc\u00f3 17 puntos (10 y 7 en cada cuarto), fueron una de las claves del encuentro, que termin\u00f3 ganando el \u201cremero\u201d por 60 a 47.<\/p>\n<div id='gallery-1' class='gallery galleryid-13294 gallery-columns-3 gallery-size-thumbnail'><figure class='gallery-item'>\n\t\t\t<div class='gallery-icon landscape'>\n\t\t\t\t<a href='https:\/\/crc.org.ar\/w\/wp-content\/uploads\/2018\/10\/Dondo-1.jpeg'><img loading=\"lazy\" decoding=\"async\" width=\"150\" height=\"150\" src=\"https:\/\/crc.org.ar\/w\/wp-content\/uploads\/2018\/10\/Dondo-1-150x150.jpeg\" class=\"attachment-thumbnail size-thumbnail\" alt=\"\" \/><\/a>\n\t\t\t<\/div><\/figure><figure class='gallery-item'>\n\t\t\t<div class='gallery-icon landscape'>\n\t\t\t\t<a href='https:\/\/crc.org.ar\/w\/wp-content\/uploads\/2018\/10\/Gonzalez.jpeg'><img loading=\"lazy\" decoding=\"async\" width=\"150\" height=\"150\" src=\"https:\/\/crc.org.ar\/w\/wp-content\/uploads\/2018\/10\/Gonzalez-150x150.jpeg\" class=\"attachment-thumbnail size-thumbnail\" alt=\"\" \/><\/a>\n\t\t\t<\/div><\/figure><figure class='gallery-item'>\n\t\t\t<div class='gallery-icon landscape'>\n\t\t\t\t<a href='https:\/\/crc.org.ar\/w\/wp-content\/uploads\/2018\/10\/gonzalez1.jpeg'><img loading=\"lazy\" decoding=\"async\" width=\"150\" height=\"150\" src=\"https:\/\/crc.org.ar\/w\/wp-content\/uploads\/2018\/10\/gonzalez1-150x150.jpeg\" class=\"attachment-thumbnail size-thumbnail\" alt=\"\" \/><\/a>\n\t\t\t<\/div><\/figure><figure class='gallery-item'>\n\t\t\t<div class='gallery-icon landscape'>\n\t\t\t\t<a href='https:\/\/crc.org.ar\/w\/wp-content\/uploads\/2018\/10\/Marco.jpeg'><img loading=\"lazy\" decoding=\"async\" width=\"150\" height=\"150\" src=\"https:\/\/crc.org.ar\/w\/wp-content\/uploads\/2018\/10\/Marco-150x150.jpeg\" class=\"attachment-thumbnail size-thumbnail\" alt=\"\" \/><\/a>\n\t\t\t<\/div><\/figure><figure class='gallery-item'>\n\t\t\t<div class='gallery-icon landscape'>\n\t\t\t\t<a href='https:\/\/crc.org.ar\/w\/wp-content\/uploads\/2018\/10\/marco1.jpeg'><img loading=\"lazy\" decoding=\"async\" width=\"150\" height=\"150\" src=\"https:\/\/crc.org.ar\/w\/wp-content\/uploads\/2018\/10\/marco1-150x150.jpeg\" class=\"attachment-thumbnail size-thumbnail\" alt=\"\" \/><\/a>\n\t\t\t<\/div><\/figure><figure class='gallery-item'>\n\t\t\t<div class='gallery-icon landscape'>\n\t\t\t\t<a href='https:\/\/crc.org.ar\/w\/wp-content\/uploads\/2018\/10\/Meza.jpeg'><img loading=\"lazy\" decoding=\"async\" width=\"150\" height=\"150\" src=\"https:\/\/crc.org.ar\/w\/wp-content\/uploads\/2018\/10\/Meza-150x150.jpeg\" class=\"attachment-thumbnail size-thumbnail\" alt=\"\" \/><\/a>\n\t\t\t<\/div><\/figure>\n\t\t<\/div>\n\n<p>Despu\u00e9s hay que hablar de la fluidez ofensiva del \u201cFantasma\u201d con un Joaqu\u00edn Sosa intratable, autor de 23 puntos, incluido seis (6) triples, y la conducci\u00f3n repartida entre Enzo Alvaredo, de gran torneo, y la experiencia de Gustavo Mascar\u00f3.<\/p>\n<p>En el segundo tiempo, San Mart\u00edn intent\u00f3 una reacci\u00f3n con Uriel Garc\u00eda y el aporte desde la banca de Joaqu\u00edn Romero, este en el \u00faltimo parcial, pero Regatas lo control\u00f3 a la perfecci\u00f3n, manejando los tiempos y los ritmos del match para ganar con claridad.<\/p>\n<p><strong>LA SINTESIS<\/strong><br \/>\n<strong>San Martin (47):<\/strong> Guido Sottile 3, Cristian P\u00e9rez 6, Fabi\u00e1n El\u00edas Asaad 7, Gonzalo Balbis 2, y Uriel Garc\u00eda 10 (FI); Franco M\u00e9ndez 4, Joaqu\u00edn Romero 7, Augusto D\u2019Andrea 0, Agust\u00edn Barrios 4, y Santiago Feldman 4. DT: Diego Blanco.<\/p>\n<p><strong>Regatas Corrientes (60):<\/strong> Enzo Alvaredo 5, Joaqu\u00edn Sosa 23, Gustavo Mascar\u00f3 6, Franco Zalazar 6, y Joaqu\u00edn Marc\u00f3n 7 (FI); Bruno Meza 0, Andr\u00e9s Bodach 3, Ignacio Marc\u00f3 0, Gianluca Dondo 8, Santiago Fiorio 0, y Facundo Gonz\u00e1lez 2. DT: Juan Pablo Mascar\u00f3.<\/p>\n<p><strong>Parciales<\/strong>: 10\/22, 17\/38 (7\/16), 29\/48 (12\/10) y 47\/60 (18\/12).<br \/>\n<strong>Jueces<\/strong>: Cristian Margalot y Leandro Lencina. <strong>Estadio<\/strong>: Club Col\u00f3n.<\/p>\n","protected":false},"excerpt":{"rendered":"<p>(Jueves 18 de octubre de 2018). Por la novena fecha del Torneo Oficial de la Asociaci\u00f3n de B\u00e1squetbol de la Ciudad de Corrientes (ABCC), Regatas Corrientes super\u00f3 claramente a su cl\u00e1sico rival, San Mart\u00edn por 60 a 47. Gran trabajo de Joaqu\u00edn Sosa goleador del juego con 23 puntos. Regata Corrientes sigue pisando fuerte en &hellip;<\/p>\n","protected":false},"author":1,"featured_media":13297,"comment_status":"closed","ping_status":"closed","sticky":false,"template":"","format":"standard","meta":{"footnotes":""},"categories":[80,156],"tags":[],"_links":{"self":[{"href":"https:\/\/crc.org.ar\/w\/wp-json\/wp\/v2\/posts\/13294"}],"collection":[{"href":"https:\/\/crc.org.ar\/w\/wp-json\/wp\/v2\/posts"}],"about":[{"href":"https:\/\/crc.org.ar\/w\/wp-json\/wp\/v2\/types\/post"}],"author":[{"embeddable":true,"href":"https:\/\/crc.org.ar\/w\/wp-json\/wp\/v2\/users\/1"}],"replies":[{"embeddable":true,"href":"https:\/\/crc.org.ar\/w\/wp-json\/wp\/v2\/comments?post=13294"}],"version-history":[{"count":1,"href":"https:\/\/crc.org.ar\/w\/wp-json\/wp\/v2\/posts\/13294\/revisions"}],"predecessor-version":[{"id":13301,"href":"https:\/\/crc.org.ar\/w\/wp-json\/wp\/v2\/posts\/13294\/revisions\/13301"}],"wp:featuredmedia":[{"embeddable":true,"href":"https:\/\/crc.org.ar\/w\/wp-json\/wp\/v2\/media\/13297"}],"wp:attachment":[{"href":"https:\/\/crc.org.ar\/w\/wp-json\/wp\/v2\/media?parent=13294"}],"wp:term":[{"taxonomy":"category","embeddable":true,"href":"https:\/\/crc.org.ar\/w\/wp-json\/wp\/v2\/categories?post=13294"},{"taxonomy":"post_tag","embeddable":true,"href":"https:\/\/crc.org.ar\/w\/wp-json\/wp\/v2\/tags?post=13294"}],"curies":[{"name":"wp","href":"https:\/\/api.w.org\/{rel}","templated":true}]}}