{"id":13776,"date":"2018-11-08T17:09:35","date_gmt":"2018-11-08T20:09:35","guid":{"rendered":"https:\/\/crc.org.ar\/w\/?p=13776"},"modified":"2018-11-08T17:09:35","modified_gmt":"2018-11-08T20:09:35","slug":"alejandro-vera-quiere-cerrar-el-ano-con-el-campeonato-argentino","status":"publish","type":"post","link":"https:\/\/crc.org.ar\/w\/alejandro-vera-quiere-cerrar-el-ano-con-el-campeonato-argentino\/","title":{"rendered":"Alejandro Vera quiere cerrar el  a\u00f1o con el Campeonato Argentino"},"content":{"rendered":"<p>(Jueves 8 de noviembre de 2018). El remero del Club de Regatas Corrientes Alejandro Vera viaj\u00f3 en la madrugada del jueves a Buenos Aires para participar del Campeonato Argentino de Remo, que comenzar\u00e1 este viernes en la pista Nacional de Tigre.<\/p>\n<p><!--more--><br \/>\n<a href=\"https:\/\/crc.org.ar\/w\/wp-content\/uploads\/2018\/11\/AlejandroVera-EnPlovdiv-Bulgaria2.jpg\"><img loading=\"lazy\" decoding=\"async\" class=\"alignleft size-medium wp-image-13777\" src=\"https:\/\/crc.org.ar\/w\/wp-content\/uploads\/2018\/11\/AlejandroVera-EnPlovdiv-Bulgaria2-300x169.jpg\" alt=\"\" width=\"300\" height=\"169\" srcset=\"https:\/\/crc.org.ar\/w\/wp-content\/uploads\/2018\/11\/AlejandroVera-EnPlovdiv-Bulgaria2-300x169.jpg 300w, https:\/\/crc.org.ar\/w\/wp-content\/uploads\/2018\/11\/AlejandroVera-EnPlovdiv-Bulgaria2-768x432.jpg 768w, https:\/\/crc.org.ar\/w\/wp-content\/uploads\/2018\/11\/AlejandroVera-EnPlovdiv-Bulgaria2-1024x576.jpg 1024w, https:\/\/crc.org.ar\/w\/wp-content\/uploads\/2018\/11\/AlejandroVera-EnPlovdiv-Bulgaria2.jpg 1299w\" sizes=\"(max-width: 300px) 100vw, 300px\" \/><\/a>En dos fines de semana consecutivos, el mejor remo del pa\u00eds se concentrar\u00e1 en la localidad bonaerense de Tigre para disputar una nueva edici\u00f3n del Campeonato Argentino de Remo 2018 (CAR 2018).<\/p>\n<p>Los d\u00edas 9, 10 y 11 de noviembre pr\u00f3ximos ser\u00e1 el turno de los convencionales y adaptados, y el 17 y 18 de noviembre ser\u00e1 el turno de los M\u00e1ster; siempre en la Pista Nacional de Remo y Canotaje en Tigre.<\/p>\n<p>En la oportunidad se disputar\u00e1 el t\u00edtulo e diputar\u00e1 el t\u00edtulo argentino en las siguientes categor\u00edas: Senior y Peso Ligero; Adaptado; Sub-23; Junior; Menor; y M\u00e1ster; este \u00faltimo el 17 y 18 de noviembre.<\/p>\n<p>De la competencia, en remo adaptado, ser\u00e1 de la partida el remero del Club de Regatas Alejandro Vera, que buscar\u00e1 cerrar una brillante temporada 2018 con la Selecci\u00f3n Nacional, con el titulo argentino.<\/p>\n<p>Recordemos que Vera, con la \u201cceleste y blanca\u201d, viene de ser campe\u00f3n de la Copa Am\u00e9rica, en el Nordelta argentino. Fue subcampe\u00f3n Sudamericano en Valparaiso, Chile. Y fue segundo en la final B en la regata internacional en Gavirate, Italia.<\/p>\n<p>Adem\u00e1s fue ganador del Selectivo para el Mundial de Plovdiv (Bulgaria), en donde fue segundo en final C; coronando tres a\u00f1os consecutivos como integrante de la Selecci\u00f3n Argentina de remo adaptado, y este a\u00f1o como n\u00famero 1 del ranking en la categor\u00eda PR1.<\/p>\n<p>Cabe se\u00f1alar que Vera entrenar\u00e1 todo el viernes, en doble turno en agua, el domingo llevar\u00e1 adelante las pruebas de \u201cergo\u201d, y el domingo competir\u00e1 en agua en la categor\u00eda PR1, aproximadamente a las 11 horas.<\/p>\n","protected":false},"excerpt":{"rendered":"<p>(Jueves 8 de noviembre de 2018). El remero del Club de Regatas Corrientes Alejandro Vera viaj\u00f3 en la madrugada del jueves a Buenos Aires para participar del Campeonato Argentino de Remo, que comenzar\u00e1 este viernes en la pista Nacional de Tigre. En dos fines de semana consecutivos, el mejor remo del pa\u00eds se concentrar\u00e1 en &hellip;<\/p>\n","protected":false},"author":1,"featured_media":13777,"comment_status":"closed","ping_status":"closed","sticky":false,"template":"","format":"standard","meta":{"footnotes":""},"categories":[156,18],"tags":[],"_links":{"self":[{"href":"https:\/\/crc.org.ar\/w\/wp-json\/wp\/v2\/posts\/13776"}],"collection":[{"href":"https:\/\/crc.org.ar\/w\/wp-json\/wp\/v2\/posts"}],"about":[{"href":"https:\/\/crc.org.ar\/w\/wp-json\/wp\/v2\/types\/post"}],"author":[{"embeddable":true,"href":"https:\/\/crc.org.ar\/w\/wp-json\/wp\/v2\/users\/1"}],"replies":[{"embeddable":true,"href":"https:\/\/crc.org.ar\/w\/wp-json\/wp\/v2\/comments?post=13776"}],"version-history":[{"count":1,"href":"https:\/\/crc.org.ar\/w\/wp-json\/wp\/v2\/posts\/13776\/revisions"}],"predecessor-version":[{"id":13778,"href":"https:\/\/crc.org.ar\/w\/wp-json\/wp\/v2\/posts\/13776\/revisions\/13778"}],"wp:featuredmedia":[{"embeddable":true,"href":"https:\/\/crc.org.ar\/w\/wp-json\/wp\/v2\/media\/13777"}],"wp:attachment":[{"href":"https:\/\/crc.org.ar\/w\/wp-json\/wp\/v2\/media?parent=13776"}],"wp:term":[{"taxonomy":"category","embeddable":true,"href":"https:\/\/crc.org.ar\/w\/wp-json\/wp\/v2\/categories?post=13776"},{"taxonomy":"post_tag","embeddable":true,"href":"https:\/\/crc.org.ar\/w\/wp-json\/wp\/v2\/tags?post=13776"}],"curies":[{"name":"wp","href":"https:\/\/api.w.org\/{rel}","templated":true}]}}