{"id":13855,"date":"2018-11-10T20:58:41","date_gmt":"2018-11-10T23:58:41","guid":{"rendered":"https:\/\/crc.org.ar\/w\/?p=13855"},"modified":"2018-11-10T20:58:41","modified_gmt":"2018-11-10T23:58:41","slug":"alejandro-vera-debuta-en-el-campeonato-argentino","status":"publish","type":"post","link":"https:\/\/crc.org.ar\/w\/alejandro-vera-debuta-en-el-campeonato-argentino\/","title":{"rendered":"Alejandro Vera debuta en el Campeonato Argentino"},"content":{"rendered":"<p>(S\u00e1bado 10 de noviembre de 2018). El remero del Club de Regatas Corrientes Alejandro Vera competir\u00e1 este domingo en el Campeonato Argentino de Remo, que comenz\u00f3 el pasado viernes en la pista Nacional de Tigre.<\/p>\n<p><!--more--><\/p>\n<p><a href=\"https:\/\/crc.org.ar\/w\/wp-content\/uploads\/2018\/11\/Ale-Vera1.jpeg\"><img loading=\"lazy\" decoding=\"async\" class=\"alignright size-medium wp-image-13856\" src=\"https:\/\/crc.org.ar\/w\/wp-content\/uploads\/2018\/11\/Ale-Vera1-300x183.jpeg\" alt=\"\" width=\"300\" height=\"183\" srcset=\"https:\/\/crc.org.ar\/w\/wp-content\/uploads\/2018\/11\/Ale-Vera1-300x183.jpeg 300w, https:\/\/crc.org.ar\/w\/wp-content\/uploads\/2018\/11\/Ale-Vera1-768x469.jpeg 768w, https:\/\/crc.org.ar\/w\/wp-content\/uploads\/2018\/11\/Ale-Vera1-1024x626.jpeg 1024w, https:\/\/crc.org.ar\/w\/wp-content\/uploads\/2018\/11\/Ale-Vera1.jpeg 1299w\" sizes=\"(max-width: 300px) 100vw, 300px\" \/><\/a>Este domingo continuar\u00e1 el Campeonato Argentino de remo 2018, en donde ser\u00e1 de la partida el remero del Club de Regatas Alejandro Vera, que buscar\u00e1 cerrar una brillante temporada 2018 con la Selecci\u00f3n Nacional, con el t\u00edtulo argentino.<\/p>\n<p>Vera entren\u00f3 todo el viernes, en doble turno en agua, este domingo llev\u00f3 adelante las pruebas de remoerg\u00f3metro; en tanto este domingo competir\u00e1 en agua en la categor\u00eda PR1, aproximadamente a las 11 horas.<\/p>\n<p>Recordemos que Vera, con la \u201cceleste y blanca\u201d, viene de ser campe\u00f3n de la Copa Am\u00e9rica, en el Nordelta argentino. Fue subcampe\u00f3n Sudamericano en Valparaiso, Chile. Y fue segundo en la final B en la regata internacional en Gavirate, Italia.<\/p>\n<p>Adem\u00e1s fue ganador del Selectivo para el Mundial de Plovdiv (Bulgaria), en donde fue segundo en final C; coronando tres a\u00f1os consecutivos como integrante de la Selecci\u00f3n Argentina de remo adaptado, y este a\u00f1o como n\u00famero 1 del ranking en la categor\u00eda PR1.<\/p>\n","protected":false},"excerpt":{"rendered":"<p>(S\u00e1bado 10 de noviembre de 2018). El remero del Club de Regatas Corrientes Alejandro Vera competir\u00e1 este domingo en el Campeonato Argentino de Remo, que comenz\u00f3 el pasado viernes en la pista Nacional de Tigre. Este domingo continuar\u00e1 el Campeonato Argentino de remo 2018, en donde ser\u00e1 de la partida el remero del Club de &hellip;<\/p>\n","protected":false},"author":1,"featured_media":13856,"comment_status":"closed","ping_status":"closed","sticky":false,"template":"","format":"standard","meta":{"footnotes":""},"categories":[156,18],"tags":[],"_links":{"self":[{"href":"https:\/\/crc.org.ar\/w\/wp-json\/wp\/v2\/posts\/13855"}],"collection":[{"href":"https:\/\/crc.org.ar\/w\/wp-json\/wp\/v2\/posts"}],"about":[{"href":"https:\/\/crc.org.ar\/w\/wp-json\/wp\/v2\/types\/post"}],"author":[{"embeddable":true,"href":"https:\/\/crc.org.ar\/w\/wp-json\/wp\/v2\/users\/1"}],"replies":[{"embeddable":true,"href":"https:\/\/crc.org.ar\/w\/wp-json\/wp\/v2\/comments?post=13855"}],"version-history":[{"count":1,"href":"https:\/\/crc.org.ar\/w\/wp-json\/wp\/v2\/posts\/13855\/revisions"}],"predecessor-version":[{"id":13857,"href":"https:\/\/crc.org.ar\/w\/wp-json\/wp\/v2\/posts\/13855\/revisions\/13857"}],"wp:featuredmedia":[{"embeddable":true,"href":"https:\/\/crc.org.ar\/w\/wp-json\/wp\/v2\/media\/13856"}],"wp:attachment":[{"href":"https:\/\/crc.org.ar\/w\/wp-json\/wp\/v2\/media?parent=13855"}],"wp:term":[{"taxonomy":"category","embeddable":true,"href":"https:\/\/crc.org.ar\/w\/wp-json\/wp\/v2\/categories?post=13855"},{"taxonomy":"post_tag","embeddable":true,"href":"https:\/\/crc.org.ar\/w\/wp-json\/wp\/v2\/tags?post=13855"}],"curies":[{"name":"wp","href":"https:\/\/api.w.org\/{rel}","templated":true}]}}