{"id":13882,"date":"2018-11-12T16:34:01","date_gmt":"2018-11-12T19:34:01","guid":{"rendered":"https:\/\/crc.org.ar\/w\/?p=13882"},"modified":"2018-11-12T16:36:15","modified_gmt":"2018-11-12T19:36:15","slug":"alejandro-vera-campeon-argentino-2018","status":"publish","type":"post","link":"https:\/\/crc.org.ar\/w\/alejandro-vera-campeon-argentino-2018\/","title":{"rendered":"Alejandro Vera campe\u00f3n Argentino 2018"},"content":{"rendered":"<p>(Lunes 12 de noviembre de 2018). El mundialista del Club de Regatas Corrientes Alejandro Vera se consagr\u00f3, el pasado domingo, campe\u00f3n Argentino de para-remo en la pista Nacional de Tigre.<\/p>\n<p><!--more--><\/p>\n<p><a href=\"https:\/\/crc.org.ar\/w\/wp-content\/uploads\/2018\/11\/Ale-Vera.jpg\"><img loading=\"lazy\" decoding=\"async\" class=\"alignright size-medium wp-image-13884\" src=\"https:\/\/crc.org.ar\/w\/wp-content\/uploads\/2018\/11\/Ale-Vera-234x300.jpg\" alt=\"\" width=\"234\" height=\"300\" srcset=\"https:\/\/crc.org.ar\/w\/wp-content\/uploads\/2018\/11\/Ale-Vera-234x300.jpg 234w, https:\/\/crc.org.ar\/w\/wp-content\/uploads\/2018\/11\/Ale-Vera.jpg 591w\" sizes=\"(max-width: 234px) 100vw, 234px\" \/><\/a>Con un tiempo mundialista de 9 minutos y 47 segundos, sobre una distancia de 2.000 metros, el remero del Club de Regatas Alejandro Vera, se consagr\u00f3 campe\u00f3n Argentino de para-remo en la categor\u00eda PR1.<\/p>\n<p>La consagraci\u00f3n lleg\u00f3 el pasado domingo en la pista Nacional de remo en la ciudad bonaerense de Tigre, en donde se desarroll\u00f3, desde el pasado viernes, el Campeonato Argentino.<\/p>\n<p>Alejandro Vera, como fue una constante a lo largo de toda la temporada, posterg\u00f3 al representante paral\u00edmpico Carlos Vysocki (Regatas La Marina) a la segunda colocaci\u00f3n. En tanto termin\u00f3 tercero Guido Salgado (San Fernando).<\/p>\n<p>El tiempazo logrado por Vera, favorecido por el viento, mejor\u00f3 ostensiblemente su mejor marca hist\u00f3rica, lograda en el Mundial de remo adaptado en Plovdiv (Bulgaria), en donde cronometr\u00f3 un tiempo de 10 minutos, 35 segundos y 46 cent\u00e9simas.<\/p>\n<p>Recordemos que con ese tiempo se ubic\u00f3 tercero en el Repechaje, detr\u00e1s del nigeriano Kingsley Okoroafor, que marc\u00f3 un tiempo de 10 minutos, 35 segundos y 05 cent\u00e9simas, para acceder a semifinales por foto finish.<\/p>\n<p><strong>CAMPEON EN ERGO<\/strong><br \/>\nEn tanto el s\u00e1bado, se llev\u00f3 a cabo el Campeonato ParaErgo Indoor 2018, sobre una distancia de mil (1.000), en donde tambi\u00e9n Vera se consagr\u00f3 campe\u00f3n con un tiempo de 4 minutos y 6 segundos.<\/p>\n<p>En tanto qued\u00f3 en la segunda ubicaci\u00f3n, Guido Salgado (San Fernando) con un tiempo de 4 minutos y 30 segundos, y tercero Mario Centuri\u00f3n (San Fernando) con un registro de 5 minutos y 45 segundos.<\/p>\n<p><strong>EXCELENTE <\/strong><br \/>\n<strong>TEMPORADA<\/strong><br \/>\nRecordemos que Vera viene de ser campe\u00f3n de la Copa Am\u00e9rica, en el Nordelta argentino. Fue subcampe\u00f3n Sudamericano en Valparaiso, Chile. Y fue segundo en la final B en la regata internacional en Gavirate, Italia.<\/p>\n<p>Adem\u00e1s fue ganador del Selectivo para el Mundial de Plovdiv (Bulgaria), en donde fue segundo en la final C; coronando tres a\u00f1os consecutivos como integrante de la Selecci\u00f3n Argentina de remo adaptado, y este a\u00f1o como n\u00famero 1 del ranking en la categor\u00eda PR1.<\/p>\n","protected":false},"excerpt":{"rendered":"<p>(Lunes 12 de noviembre de 2018). El mundialista del Club de Regatas Corrientes Alejandro Vera se consagr\u00f3, el pasado domingo, campe\u00f3n Argentino de para-remo en la pista Nacional de Tigre. Con un tiempo mundialista de 9 minutos y 47 segundos, sobre una distancia de 2.000 metros, el remero del Club de Regatas Alejandro Vera, se &hellip;<\/p>\n","protected":false},"author":1,"featured_media":13886,"comment_status":"closed","ping_status":"closed","sticky":false,"template":"","format":"standard","meta":{"footnotes":""},"categories":[156,18],"tags":[],"_links":{"self":[{"href":"https:\/\/crc.org.ar\/w\/wp-json\/wp\/v2\/posts\/13882"}],"collection":[{"href":"https:\/\/crc.org.ar\/w\/wp-json\/wp\/v2\/posts"}],"about":[{"href":"https:\/\/crc.org.ar\/w\/wp-json\/wp\/v2\/types\/post"}],"author":[{"embeddable":true,"href":"https:\/\/crc.org.ar\/w\/wp-json\/wp\/v2\/users\/1"}],"replies":[{"embeddable":true,"href":"https:\/\/crc.org.ar\/w\/wp-json\/wp\/v2\/comments?post=13882"}],"version-history":[{"count":3,"href":"https:\/\/crc.org.ar\/w\/wp-json\/wp\/v2\/posts\/13882\/revisions"}],"predecessor-version":[{"id":13887,"href":"https:\/\/crc.org.ar\/w\/wp-json\/wp\/v2\/posts\/13882\/revisions\/13887"}],"wp:featuredmedia":[{"embeddable":true,"href":"https:\/\/crc.org.ar\/w\/wp-json\/wp\/v2\/media\/13886"}],"wp:attachment":[{"href":"https:\/\/crc.org.ar\/w\/wp-json\/wp\/v2\/media?parent=13882"}],"wp:term":[{"taxonomy":"category","embeddable":true,"href":"https:\/\/crc.org.ar\/w\/wp-json\/wp\/v2\/categories?post=13882"},{"taxonomy":"post_tag","embeddable":true,"href":"https:\/\/crc.org.ar\/w\/wp-json\/wp\/v2\/tags?post=13882"}],"curies":[{"name":"wp","href":"https:\/\/api.w.org\/{rel}","templated":true}]}}