{"id":13970,"date":"2018-11-18T16:17:51","date_gmt":"2018-11-18T19:17:51","guid":{"rendered":"https:\/\/crc.org.ar\/w\/?p=13970"},"modified":"2018-11-19T16:18:53","modified_gmt":"2018-11-19T19:18:53","slug":"lucas-monzon-campeon-argentino-y-bronce-en-el-sudamericano-master","status":"publish","type":"post","link":"https:\/\/crc.org.ar\/w\/lucas-monzon-campeon-argentino-y-bronce-en-el-sudamericano-master\/","title":{"rendered":"Lucas Monz\u00f3n campe\u00f3n Argentino y  bronce en el Sudamericano M\u00e1ster"},"content":{"rendered":"<p>(Domingo 18 de noviembre de 2018). El nadador de Regatas Corrientes, Lucas Monz\u00f3n se consagr\u00f3 campe\u00f3n Argentino y se colg\u00f3 el bronce Sudamericano M\u00e1ster 2018, en la \u00faltima jornada de la competencia que comenz\u00f3 el martes pasado en el Complejo Acu\u00e1tico del Parque Ol\u00edmpico de la Juventud. Bruno Ferreira, en tanto, fue subcampe\u00f3n Argentino y bronce Sudamericano.<\/p>\n<p><!--more--><br \/>\n<a href=\"https:\/\/crc.org.ar\/w\/wp-content\/uploads\/2018\/11\/Lucas-Monzon.jpg\"><img loading=\"lazy\" decoding=\"async\" class=\"alignright size-medium wp-image-13972\" src=\"https:\/\/crc.org.ar\/w\/wp-content\/uploads\/2018\/11\/Lucas-Monzon-300x225.jpg\" alt=\"\" width=\"300\" height=\"225\" srcset=\"https:\/\/crc.org.ar\/w\/wp-content\/uploads\/2018\/11\/Lucas-Monzon-300x225.jpg 300w, https:\/\/crc.org.ar\/w\/wp-content\/uploads\/2018\/11\/Lucas-Monzon-768x577.jpg 768w, https:\/\/crc.org.ar\/w\/wp-content\/uploads\/2018\/11\/Lucas-Monzon.jpg 823w\" sizes=\"(max-width: 300px) 100vw, 300px\" \/><\/a>Con un tiempo de 28 segundos y 32 cent\u00e9simas, el nadador del Club de Regatas Corrientes, Lucas Monz\u00f3n (29 a\u00f1os) se consagr\u00f3 campe\u00f3n Argentino y termin\u00f3 tercero en el Sudamericano de nataci\u00f3n M\u00e1ster 2018 en 50 metros Espalda.<\/p>\n<p>Fue en la \u00faltima jornada del Campeonato Argentino y Sudamericano M\u00e1ster de nataci\u00f3n, que termin\u00f3 el \u00faltimo s\u00e1bado en el Complejo Acu\u00e1tico del Parque Ol\u00edmpico de la Juventud, Villa Soldati (Buenos Aires).<\/p>\n<p>El ganador de la prueba fue el brasile\u00f1o Igor Baldoino (Praia Club) con un tiempo de 27 segundos y 17 cent\u00e9simas. Mientras que fue segundo su compatriota Lucas Veppo (Uniceub) con un registro de 27 segundos y 40 cent\u00e9simas.<\/p>\n<p>En la premiaci\u00f3n, que se realiz\u00f3 como toda la doble competencia por ser separado, el nadador regatense se colg\u00f3 as\u00ed la presea de oro en el Argentino, y la de bronce en el Sudamericano.<\/p>\n<p>Bruno Ferreira (30 a\u00f1os), en tanto, se consagr\u00f3 subcampe\u00f3n Argentino y medalla de bronce Sudamericano en 200 metros Mariposa con un tiempo de 2 minutos, 10 segundos y 82 cent\u00e9simas.<\/p>\n<p>Maximiliano Rinaldi (CAUSF)) se qued\u00f3 con la prueba con un tiempo de 2\u201906\u201d95 \/100. En tanto que termin\u00f3 segundo el brasile\u00f1o Leonir Marino (A.L. Juvenil) con un registro de 2\u201910\u201d73\/100.<\/p>\n<p>De esta manera la \u201cJoven Guardia\u201d, integrada tambi\u00e9n por Neri y \u201cNico\u201d Trossero, cerr\u00f3 la doble competencia nacional e internacional ba\u00f1ados de medallas de todos los colores, confirmando su jerarqu\u00eda y vigencia en la disciplina.<\/p>\n","protected":false},"excerpt":{"rendered":"<p>(Domingo 18 de noviembre de 2018). El nadador de Regatas Corrientes, Lucas Monz\u00f3n se consagr\u00f3 campe\u00f3n Argentino y se colg\u00f3 el bronce Sudamericano M\u00e1ster 2018, en la \u00faltima jornada de la competencia que comenz\u00f3 el martes pasado en el Complejo Acu\u00e1tico del Parque Ol\u00edmpico de la Juventud. Bruno Ferreira, en tanto, fue subcampe\u00f3n Argentino y &hellip;<\/p>\n","protected":false},"author":1,"featured_media":13971,"comment_status":"closed","ping_status":"closed","sticky":false,"template":"","format":"standard","meta":{"footnotes":""},"categories":[69,156],"tags":[],"_links":{"self":[{"href":"https:\/\/crc.org.ar\/w\/wp-json\/wp\/v2\/posts\/13970"}],"collection":[{"href":"https:\/\/crc.org.ar\/w\/wp-json\/wp\/v2\/posts"}],"about":[{"href":"https:\/\/crc.org.ar\/w\/wp-json\/wp\/v2\/types\/post"}],"author":[{"embeddable":true,"href":"https:\/\/crc.org.ar\/w\/wp-json\/wp\/v2\/users\/1"}],"replies":[{"embeddable":true,"href":"https:\/\/crc.org.ar\/w\/wp-json\/wp\/v2\/comments?post=13970"}],"version-history":[{"count":1,"href":"https:\/\/crc.org.ar\/w\/wp-json\/wp\/v2\/posts\/13970\/revisions"}],"predecessor-version":[{"id":13973,"href":"https:\/\/crc.org.ar\/w\/wp-json\/wp\/v2\/posts\/13970\/revisions\/13973"}],"wp:featuredmedia":[{"embeddable":true,"href":"https:\/\/crc.org.ar\/w\/wp-json\/wp\/v2\/media\/13971"}],"wp:attachment":[{"href":"https:\/\/crc.org.ar\/w\/wp-json\/wp\/v2\/media?parent=13970"}],"wp:term":[{"taxonomy":"category","embeddable":true,"href":"https:\/\/crc.org.ar\/w\/wp-json\/wp\/v2\/categories?post=13970"},{"taxonomy":"post_tag","embeddable":true,"href":"https:\/\/crc.org.ar\/w\/wp-json\/wp\/v2\/tags?post=13970"}],"curies":[{"name":"wp","href":"https:\/\/api.w.org\/{rel}","templated":true}]}}