{"id":1405,"date":"2017-03-30T10:24:22","date_gmt":"2017-03-30T13:24:22","guid":{"rendered":"http:\/\/www.crc.org.ar\/w\/?p=1405"},"modified":"2017-03-30T10:24:22","modified_gmt":"2017-03-30T13:24:22","slug":"el-sabado-se-corre-la-regata-en-homenaje-a-la-fundacion-de-la-ciudad-de-corrientes","status":"publish","type":"post","link":"https:\/\/crc.org.ar\/w\/el-sabado-se-corre-la-regata-en-homenaje-a-la-fundacion-de-la-ciudad-de-corrientes\/","title":{"rendered":"El s\u00e1bado se corre la regata en homenaje a la \u201cFundaci\u00f3n de la Ciudad de Corrientes\u201d"},"content":{"rendered":"<p>(Jueves 30 de marzo de 2017). La subcomisi\u00f3n de vela del Club de Regatas Corrientes organiza para este domingo la regata \u201cFundaci\u00f3n de la Ciudad de Corrientes\u201d. Un barlo sotavento que dar\u00e1 inicio a las 15 horas, en cancha a definir por el Oficial de D\u00eda de acuerdo a las condiciones del viento.<!--more--><\/p>\n<p><img loading=\"lazy\" decoding=\"async\" class=\"size-medium wp-image-1406 alignleft\" src=\"http:\/\/www.crc.org.ar\/w\/wp-content\/uploads\/2017\/03\/Apertura2-400-300x207.jpg\" alt=\"\" width=\"300\" height=\"207\" srcset=\"https:\/\/crc.org.ar\/w\/wp-content\/uploads\/2017\/03\/Apertura2-400-300x207.jpg 300w, https:\/\/crc.org.ar\/w\/wp-content\/uploads\/2017\/03\/Apertura2-400-110x75.jpg 110w, https:\/\/crc.org.ar\/w\/wp-content\/uploads\/2017\/03\/Apertura2-400.jpg 448w\" sizes=\"(max-width: 300px) 100vw, 300px\" \/>Este s\u00e1bado a partir de las 15, la subcomisi\u00f3n de vela del Club de Regatas Corrientes organizar\u00e1 la regata \u201cFundaci\u00f3n de la Ciudad de Corrientes\u201d, una competencia de marcas fijas, barlo \u2013 sotavento.<\/p>\n<p>La cancha de regatas ser\u00e1 en inmediaciones de la isla Hern\u00e1ndez \u00f3 de la Costanera Sur, dependiendo de las condiciones clim\u00e1ticas, decisi\u00f3n final que recaer\u00e1 en el Oficial de D\u00eda de la competencia.<\/p>\n<p>Finalizada la competencia, en adhesi\u00f3n a un aniversario m\u00e1s de la fundaci\u00f3n de la ciudad de Corrientes, \u00a0se llevar\u00e1 a cabo la tradicional entrega de premios en la marina del Club de Regatas Corrientes.<\/p>\n<p>De esta manera la subcomisi\u00f3n de vela regatense, al frente de <strong>Eduardo Spotti<\/strong>, da continuidad al programa de regatas establecidas para el 2017, y que arranc\u00f3 el \u00faltimo fin de semana con la regata \u2013 traves\u00eda Paso de la Patria \u2013 Corrientes.<\/p>\n","protected":false},"excerpt":{"rendered":"<p>(Jueves 30 de marzo de 2017). La subcomisi\u00f3n de vela del Club de Regatas Corrientes organiza para este domingo la regata \u201cFundaci\u00f3n de la Ciudad de Corrientes\u201d. Un barlo sotavento que dar\u00e1 inicio a las 15 horas, en cancha a definir por el Oficial de D\u00eda de acuerdo a las condiciones del viento. Este s\u00e1bado &hellip;<\/p>\n","protected":false},"author":1,"featured_media":1406,"comment_status":"closed","ping_status":"open","sticky":false,"template":"","format":"standard","meta":{"footnotes":""},"categories":[75],"tags":[],"_links":{"self":[{"href":"https:\/\/crc.org.ar\/w\/wp-json\/wp\/v2\/posts\/1405"}],"collection":[{"href":"https:\/\/crc.org.ar\/w\/wp-json\/wp\/v2\/posts"}],"about":[{"href":"https:\/\/crc.org.ar\/w\/wp-json\/wp\/v2\/types\/post"}],"author":[{"embeddable":true,"href":"https:\/\/crc.org.ar\/w\/wp-json\/wp\/v2\/users\/1"}],"replies":[{"embeddable":true,"href":"https:\/\/crc.org.ar\/w\/wp-json\/wp\/v2\/comments?post=1405"}],"version-history":[{"count":1,"href":"https:\/\/crc.org.ar\/w\/wp-json\/wp\/v2\/posts\/1405\/revisions"}],"predecessor-version":[{"id":1407,"href":"https:\/\/crc.org.ar\/w\/wp-json\/wp\/v2\/posts\/1405\/revisions\/1407"}],"wp:featuredmedia":[{"embeddable":true,"href":"https:\/\/crc.org.ar\/w\/wp-json\/wp\/v2\/media\/1406"}],"wp:attachment":[{"href":"https:\/\/crc.org.ar\/w\/wp-json\/wp\/v2\/media?parent=1405"}],"wp:term":[{"taxonomy":"category","embeddable":true,"href":"https:\/\/crc.org.ar\/w\/wp-json\/wp\/v2\/categories?post=1405"},{"taxonomy":"post_tag","embeddable":true,"href":"https:\/\/crc.org.ar\/w\/wp-json\/wp\/v2\/tags?post=1405"}],"curies":[{"name":"wp","href":"https:\/\/api.w.org\/{rel}","templated":true}]}}