{"id":1413,"date":"2017-03-31T10:23:57","date_gmt":"2017-03-31T13:23:57","guid":{"rendered":"http:\/\/www.crc.org.ar\/w\/?p=1413"},"modified":"2017-03-31T10:23:57","modified_gmt":"2017-03-31T13:23:57","slug":"por-el-fallecimiento-de-mingo-martinez-se-postergo-la-regata-fundacion-de-corrientes","status":"publish","type":"post","link":"https:\/\/crc.org.ar\/w\/por-el-fallecimiento-de-mingo-martinez-se-postergo-la-regata-fundacion-de-corrientes\/","title":{"rendered":"Por el fallecimiento de \u201cMingo\u201d Mart\u00ednez se posterg\u00f3 la regata Fundaci\u00f3n de Corrientes"},"content":{"rendered":"<p>(Viernes 31 de marzo de 2017). La subcomisi\u00f3n de vela del Club de Regatas Corrientes informa que la regata \u201cFundaci\u00f3n de la Ciudad de Corrientes\u201d que deb\u00eda llevarse a cabo este s\u00e1bado fue postergada por el fallecimiento de <strong>\u201cMingo\u201d Mart\u00ednez.<\/strong><!--more--><\/p>\n<p>Triste noticia la que nos toca brindar hoy. Falleci\u00f3 <strong>Desiderio Mart\u00ednez <\/strong>(59 a\u00f1os), o simplemente <strong><em>\u201cMingo\u201d.<\/em><\/strong> El Club de Regatas Corrientes, especialmente la marina de la instituci\u00f3n, est\u00e1 de luto.<\/p>\n<p><img loading=\"lazy\" decoding=\"async\" class=\"size-medium wp-image-1414 alignleft\" src=\"http:\/\/www.crc.org.ar\/w\/wp-content\/uploads\/2017\/03\/Mingo-400-300x255.jpg\" alt=\"\" width=\"300\" height=\"255\" srcset=\"https:\/\/crc.org.ar\/w\/wp-content\/uploads\/2017\/03\/Mingo-400-300x255.jpg 300w, https:\/\/crc.org.ar\/w\/wp-content\/uploads\/2017\/03\/Mingo-400.jpg 395w\" sizes=\"(max-width: 300px) 100vw, 300px\" \/>Un personaje de aquellos, querido y querible. Servicial, generoso, listo para dar una mano y solucionar todo en la marina regatense. Por eso era amigo de los capitanes y los marineros, de las familias, de las distintas embarcaciones.<\/p>\n<p>\u201cMingo\u201d era el que te ayudaba a zarpar y amarrar las embarcaciones, hasta ense\u00f1aba los nudos a los novatos que se acercaban, el que no media esfuerzos para trabajar por la marina aun en las m\u00e1s bravas, como las crecientes del r\u00edo. As\u00ed, sin m\u00e1s.<\/p>\n<p>Est\u00e1 lamentable partida, tras pelearle a una enfermedad terminal, gener\u00f3 una gran consternaci\u00f3n por lo que la subcomisi\u00f3n de vela del Club de Regatas Corrientes posterg\u00f3 la regata \u201cFundaci\u00f3n de la Ciudad de Corrientes\u201d, que deb\u00eda llevarse a cabo este s\u00e1bado.<\/p>\n","protected":false},"excerpt":{"rendered":"<p>(Viernes 31 de marzo de 2017). La subcomisi\u00f3n de vela del Club de Regatas Corrientes informa que la regata \u201cFundaci\u00f3n de la Ciudad de Corrientes\u201d que deb\u00eda llevarse a cabo este s\u00e1bado fue postergada por el fallecimiento de \u201cMingo\u201d Mart\u00ednez. Triste noticia la que nos toca brindar hoy. Falleci\u00f3 Desiderio Mart\u00ednez (59 a\u00f1os), o simplemente &hellip;<\/p>\n","protected":false},"author":1,"featured_media":1414,"comment_status":"closed","ping_status":"open","sticky":false,"template":"","format":"standard","meta":{"footnotes":""},"categories":[75],"tags":[],"_links":{"self":[{"href":"https:\/\/crc.org.ar\/w\/wp-json\/wp\/v2\/posts\/1413"}],"collection":[{"href":"https:\/\/crc.org.ar\/w\/wp-json\/wp\/v2\/posts"}],"about":[{"href":"https:\/\/crc.org.ar\/w\/wp-json\/wp\/v2\/types\/post"}],"author":[{"embeddable":true,"href":"https:\/\/crc.org.ar\/w\/wp-json\/wp\/v2\/users\/1"}],"replies":[{"embeddable":true,"href":"https:\/\/crc.org.ar\/w\/wp-json\/wp\/v2\/comments?post=1413"}],"version-history":[{"count":1,"href":"https:\/\/crc.org.ar\/w\/wp-json\/wp\/v2\/posts\/1413\/revisions"}],"predecessor-version":[{"id":1415,"href":"https:\/\/crc.org.ar\/w\/wp-json\/wp\/v2\/posts\/1413\/revisions\/1415"}],"wp:featuredmedia":[{"embeddable":true,"href":"https:\/\/crc.org.ar\/w\/wp-json\/wp\/v2\/media\/1414"}],"wp:attachment":[{"href":"https:\/\/crc.org.ar\/w\/wp-json\/wp\/v2\/media?parent=1413"}],"wp:term":[{"taxonomy":"category","embeddable":true,"href":"https:\/\/crc.org.ar\/w\/wp-json\/wp\/v2\/categories?post=1413"},{"taxonomy":"post_tag","embeddable":true,"href":"https:\/\/crc.org.ar\/w\/wp-json\/wp\/v2\/tags?post=1413"}],"curies":[{"name":"wp","href":"https:\/\/api.w.org\/{rel}","templated":true}]}}