{"id":15308,"date":"2019-01-04T16:37:58","date_gmt":"2019-01-04T19:37:58","guid":{"rendered":"https:\/\/crc.org.ar\/w\/?p=15308"},"modified":"2019-01-04T17:38:17","modified_gmt":"2019-01-04T20:38:17","slug":"la-escuelita-de-tenis-de-mesa-regatense-no-descansa-2","status":"publish","type":"post","link":"https:\/\/crc.org.ar\/w\/la-escuelita-de-tenis-de-mesa-regatense-no-descansa-2\/","title":{"rendered":"La Escuelita de tenis de mesa  regatense no descansa"},"content":{"rendered":"<p>(Viernes 4 de enero de 2019). Con marcado \u00e9xito sigue funcionando la escuelita de tenis de mesa del Club de Regatas Corrientes, en el Sal\u00f3n de Usos M\u00faltiples (SUM) de la instituci\u00f3n, los d\u00edas martes, jueves y s\u00e1bados.<\/p>\n<p><!--more--><\/p>\n<p><a href=\"https:\/\/crc.org.ar\/w\/wp-content\/uploads\/2019\/01\/TdM.jpg\"><img loading=\"lazy\" decoding=\"async\" class=\"alignright size-medium wp-image-15309\" src=\"https:\/\/crc.org.ar\/w\/wp-content\/uploads\/2019\/01\/TdM-300x196.jpg\" alt=\"\" width=\"300\" height=\"196\" srcset=\"https:\/\/crc.org.ar\/w\/wp-content\/uploads\/2019\/01\/TdM-300x196.jpg 300w, https:\/\/crc.org.ar\/w\/wp-content\/uploads\/2019\/01\/TdM-768x502.jpg 768w, https:\/\/crc.org.ar\/w\/wp-content\/uploads\/2019\/01\/TdM.jpg 827w\" sizes=\"(max-width: 300px) 100vw, 300px\" \/><\/a>La Direcci\u00f3n de Deportes del Club de Regatas Corrientes confirm\u00f3 que la escuelita de tenis de mesa proseguir\u00e1 a lo largo de toda la temporada veraniega, debido al \u00e9xito manifiesto por la gran cantidad de alumnos.<\/p>\n<p>De esta manera la actividad, que se lleva a cabo en el Sal\u00f3n de Usos M\u00faltiples (SUM) de la instituci\u00f3n del parque Mitre, proseguir\u00e1 todos los martes, jueves y s\u00e1bado de 10 a 13 horas, a cargo del instructor <strong>Francisco Alberto Portillo.<\/strong><\/p>\n<p>Los interesados, personas de ambos sexos, desde ni\u00f1os a adultos, sin l\u00edmites de edad, pueden recabar m\u00e1s datos e informaci\u00f3n en el SUM, los martes, jueves y viernes de 10 a 13 horas, para hablar con el instructor Portillo; o bien pedir informes a <a href=\"mailto:portialbert05@hotmail.com\">portialbert05@hotmail.com<\/a><\/p>\n<p><strong>MAS HORARIOS<br \/>\n<\/strong>Recordemos tambi\u00e9n el horario especial de 22 a 24 horas, los d\u00edas lunes y mi\u00e9rcoles, siempre en el SUM regatense, para adultos principiantes, adelantados y hasta Federados que quieran ir mejorando su t\u00e9cnica individual.<\/p>\n<p>De esta manera el instructor <strong>Carlos N\u00fa\u00f1ez<\/strong>, de acuerdo al grado de avance de los adultos, va armando los grupos para el trabajo cotidiano, implementando inclusive un entrenamiento f\u00edsico previo, de precalentamiento y estiramiento.<\/p>\n","protected":false},"excerpt":{"rendered":"<p>(Viernes 4 de enero de 2019). Con marcado \u00e9xito sigue funcionando la escuelita de tenis de mesa del Club de Regatas Corrientes, en el Sal\u00f3n de Usos M\u00faltiples (SUM) de la instituci\u00f3n, los d\u00edas martes, jueves y s\u00e1bados. La Direcci\u00f3n de Deportes del Club de Regatas Corrientes confirm\u00f3 que la escuelita de tenis de mesa &hellip;<\/p>\n","protected":false},"author":1,"featured_media":15309,"comment_status":"closed","ping_status":"closed","sticky":false,"template":"","format":"standard","meta":{"footnotes":""},"categories":[156,13],"tags":[],"_links":{"self":[{"href":"https:\/\/crc.org.ar\/w\/wp-json\/wp\/v2\/posts\/15308"}],"collection":[{"href":"https:\/\/crc.org.ar\/w\/wp-json\/wp\/v2\/posts"}],"about":[{"href":"https:\/\/crc.org.ar\/w\/wp-json\/wp\/v2\/types\/post"}],"author":[{"embeddable":true,"href":"https:\/\/crc.org.ar\/w\/wp-json\/wp\/v2\/users\/1"}],"replies":[{"embeddable":true,"href":"https:\/\/crc.org.ar\/w\/wp-json\/wp\/v2\/comments?post=15308"}],"version-history":[{"count":1,"href":"https:\/\/crc.org.ar\/w\/wp-json\/wp\/v2\/posts\/15308\/revisions"}],"predecessor-version":[{"id":15310,"href":"https:\/\/crc.org.ar\/w\/wp-json\/wp\/v2\/posts\/15308\/revisions\/15310"}],"wp:featuredmedia":[{"embeddable":true,"href":"https:\/\/crc.org.ar\/w\/wp-json\/wp\/v2\/media\/15309"}],"wp:attachment":[{"href":"https:\/\/crc.org.ar\/w\/wp-json\/wp\/v2\/media?parent=15308"}],"wp:term":[{"taxonomy":"category","embeddable":true,"href":"https:\/\/crc.org.ar\/w\/wp-json\/wp\/v2\/categories?post=15308"},{"taxonomy":"post_tag","embeddable":true,"href":"https:\/\/crc.org.ar\/w\/wp-json\/wp\/v2\/tags?post=15308"}],"curies":[{"name":"wp","href":"https:\/\/api.w.org\/{rel}","templated":true}]}}