{"id":15336,"date":"2019-01-05T18:24:32","date_gmt":"2019-01-05T21:24:32","guid":{"rendered":"https:\/\/crc.org.ar\/w\/?p=15336"},"modified":"2019-01-05T19:27:57","modified_gmt":"2019-01-05T22:27:57","slug":"vivi-el-verano-a-pleno-deportes","status":"publish","type":"post","link":"https:\/\/crc.org.ar\/w\/vivi-el-verano-a-pleno-deportes\/","title":{"rendered":"&#8220;\u00a1Viv\u00ed el verano a pleno deportes!&#8221;"},"content":{"rendered":"<p>(S\u00e1bado 5 de enero de 2019). Los instructores &#8220;Nico&#8221; y Tomas promocionaron este s\u00e1bado la Escuelita de remo del Club de Regatas Corrientes que funciona de lunes a lunes, para alumnos de todas las edades y sexo; con la \u00fanica condici\u00f3n de saber nadar.<\/p>\n<p><!--more--><\/p>\n<p>Con la consigna &#8220;Viv\u00ed el Verano a Pleno Deportes&#8221;, la Direcci\u00f3n de Deportes del Club de Regatas Corrientes impuls\u00f3 este s\u00e1bado una movida que tuvo como principal protagonistas a los instructores de remo <strong>Nicol\u00e1s Duet <\/strong>y<strong> Tomas Gonz\u00e1lez.<\/strong><\/p>\n<p>Conocedores de la propuesta fueron los propios instructores que promocionaron la Escuelita, que a diferencia de a\u00f1os anteriores abrir\u00e1 sus puertas de lunes a lunes, con la firme intenci\u00f3n de captar alumnos.<\/p>\n<div id='gallery-1' class='gallery galleryid-15336 gallery-columns-5 gallery-size-thumbnail'><figure class='gallery-item'>\n\t\t\t<div class='gallery-icon landscape'>\n\t\t\t\t<a href='https:\/\/crc.org.ar\/w\/wp-content\/uploads\/2019\/01\/remo.jpeg'><img loading=\"lazy\" decoding=\"async\" width=\"150\" height=\"150\" src=\"https:\/\/crc.org.ar\/w\/wp-content\/uploads\/2019\/01\/remo-150x150.jpeg\" class=\"attachment-thumbnail size-thumbnail\" alt=\"\" \/><\/a>\n\t\t\t<\/div><\/figure><figure class='gallery-item'>\n\t\t\t<div class='gallery-icon landscape'>\n\t\t\t\t<a href='https:\/\/crc.org.ar\/w\/wp-content\/uploads\/2019\/01\/remo1.jpeg'><img loading=\"lazy\" decoding=\"async\" width=\"150\" height=\"150\" src=\"https:\/\/crc.org.ar\/w\/wp-content\/uploads\/2019\/01\/remo1-150x150.jpeg\" class=\"attachment-thumbnail size-thumbnail\" alt=\"\" \/><\/a>\n\t\t\t<\/div><\/figure><figure class='gallery-item'>\n\t\t\t<div class='gallery-icon landscape'>\n\t\t\t\t<a href='https:\/\/crc.org.ar\/w\/wp-content\/uploads\/2019\/01\/remo2.jpeg'><img loading=\"lazy\" decoding=\"async\" width=\"150\" height=\"150\" src=\"https:\/\/crc.org.ar\/w\/wp-content\/uploads\/2019\/01\/remo2-150x150.jpeg\" class=\"attachment-thumbnail size-thumbnail\" alt=\"\" \/><\/a>\n\t\t\t<\/div><\/figure><figure class='gallery-item'>\n\t\t\t<div class='gallery-icon landscape'>\n\t\t\t\t<a href='https:\/\/crc.org.ar\/w\/wp-content\/uploads\/2019\/01\/remo3.jpeg'><img loading=\"lazy\" decoding=\"async\" width=\"150\" height=\"150\" src=\"https:\/\/crc.org.ar\/w\/wp-content\/uploads\/2019\/01\/remo3-150x150.jpeg\" class=\"attachment-thumbnail size-thumbnail\" alt=\"\" \/><\/a>\n\t\t\t<\/div><\/figure><figure class='gallery-item'>\n\t\t\t<div class='gallery-icon landscape'>\n\t\t\t\t<a href='https:\/\/crc.org.ar\/w\/wp-content\/uploads\/2019\/01\/remo4.jpeg'><img loading=\"lazy\" decoding=\"async\" width=\"150\" height=\"150\" src=\"https:\/\/crc.org.ar\/w\/wp-content\/uploads\/2019\/01\/remo4-150x150.jpeg\" class=\"attachment-thumbnail size-thumbnail\" alt=\"\" \/><\/a>\n\t\t\t<\/div><\/figure>\n\t\t<\/div>\n\n<p>Esta primera iniciativa tuvo lugar en la playa del Club de Regatas Corrientes, aunque el profesor <strong>Jorge Esp\u00f3sito<\/strong>, Director de Deportes de Regatas, aclar\u00f3 que la misma se repetir\u00e1 en la costanera norte de la capital correntina.<\/p>\n<p>La idea es que aquellos alumnos que tengan condiciones y se enganchen con la actividad, y no sean socios, tengan una promoci\u00f3n especial para asociarse y as\u00ed pasar a integrar el plantel promocional de la instituci\u00f3n.<\/p>\n<p><strong>HORARIOS DE<br \/>\n<\/strong><strong>LA ESCUELITA<br \/>\n<\/strong>La actividad por la ma\u00f1ana, de lunes a s\u00e1bados, es de lunes a viernes a partir de las 8.30 horas hasta las 10.30; en tanto el s\u00e1bado el horario es de 9 a 12. Mientras que el domingo el horario es de 10 a 12 horas.<\/p>\n<p>Mientras, que por la tarde, los horarios ser\u00e1n mi\u00e9rcoles y viernes de 16 a 18.30 horas, y s\u00e1bados de 15 a 17.30 horas; es decir una variada gama de horarios para que nadie se quede sin aprender a remar.<\/p>\n<p>Todos aquellos que quieran tomar parte de las clases de remo se los invita a concurrir a la Direcci\u00f3n de Deportes regatense, todos los d\u00edas en horario comercial, o directamente al \u201cgalp\u00f3n de botes\u201d de la instituci\u00f3n, en los horario previstos.<\/p>\n<p><strong>HORARIOS DEL<br \/>\n<\/strong><strong>GALPON DE BOTES<br \/>\n<\/strong>En otro orden, se informa que el Gal\u00f3n de Botes de la instituci\u00f3n regatense se encuentra abierto de 7 a 20 horas; siendo el \u00faltimo horario de entrega\/salida de embarcaciones a las 18.30 horas, y de entrega\/llegada a las 19.30 horas.<strong><br \/>\n<\/strong><\/p>\n","protected":false},"excerpt":{"rendered":"<p>(S\u00e1bado 5 de enero de 2019). Los instructores &#8220;Nico&#8221; y Tomas promocionaron este s\u00e1bado la Escuelita de remo del Club de Regatas Corrientes que funciona de lunes a lunes, para alumnos de todas las edades y sexo; con la \u00fanica condici\u00f3n de saber nadar. Con la consigna &#8220;Viv\u00ed el Verano a Pleno Deportes&#8221;, la Direcci\u00f3n &hellip;<\/p>\n","protected":false},"author":1,"featured_media":15339,"comment_status":"closed","ping_status":"closed","sticky":false,"template":"","format":"standard","meta":{"footnotes":""},"categories":[156,18],"tags":[],"_links":{"self":[{"href":"https:\/\/crc.org.ar\/w\/wp-json\/wp\/v2\/posts\/15336"}],"collection":[{"href":"https:\/\/crc.org.ar\/w\/wp-json\/wp\/v2\/posts"}],"about":[{"href":"https:\/\/crc.org.ar\/w\/wp-json\/wp\/v2\/types\/post"}],"author":[{"embeddable":true,"href":"https:\/\/crc.org.ar\/w\/wp-json\/wp\/v2\/users\/1"}],"replies":[{"embeddable":true,"href":"https:\/\/crc.org.ar\/w\/wp-json\/wp\/v2\/comments?post=15336"}],"version-history":[{"count":1,"href":"https:\/\/crc.org.ar\/w\/wp-json\/wp\/v2\/posts\/15336\/revisions"}],"predecessor-version":[{"id":15342,"href":"https:\/\/crc.org.ar\/w\/wp-json\/wp\/v2\/posts\/15336\/revisions\/15342"}],"wp:featuredmedia":[{"embeddable":true,"href":"https:\/\/crc.org.ar\/w\/wp-json\/wp\/v2\/media\/15339"}],"wp:attachment":[{"href":"https:\/\/crc.org.ar\/w\/wp-json\/wp\/v2\/media?parent=15336"}],"wp:term":[{"taxonomy":"category","embeddable":true,"href":"https:\/\/crc.org.ar\/w\/wp-json\/wp\/v2\/categories?post=15336"},{"taxonomy":"post_tag","embeddable":true,"href":"https:\/\/crc.org.ar\/w\/wp-json\/wp\/v2\/tags?post=15336"}],"curies":[{"name":"wp","href":"https:\/\/api.w.org\/{rel}","templated":true}]}}