{"id":15512,"date":"2019-01-16T17:18:59","date_gmt":"2019-01-16T20:18:59","guid":{"rendered":"https:\/\/crc.org.ar\/w\/?p=15512"},"modified":"2019-01-16T18:23:11","modified_gmt":"2019-01-16T21:23:11","slug":"el-fin-de-semana-arranca-el-circuito-de-verano-2019","status":"publish","type":"post","link":"https:\/\/crc.org.ar\/w\/el-fin-de-semana-arranca-el-circuito-de-verano-2019\/","title":{"rendered":"El fin de semana arranca el  Circuito de Verano 2019"},"content":{"rendered":"<p>(Mi\u00e9rcoles 16 de enero de 2019). La subcomisi\u00f3n de tenis de mesa del Club Regatas Corrientes llevar\u00e1 adelante la VII edici\u00f3n del Circuito de Verano, que como todos los a\u00f1os ser\u00e1 Abierto. La primera fecha de llevar\u00e1 este fin de semana.<\/p>\n<p><!--more--><\/p>\n<p><a href=\"https:\/\/crc.org.ar\/w\/wp-content\/uploads\/2019\/01\/TdM-Circuito-de-Verano.jpeg\"><img loading=\"lazy\" decoding=\"async\" class=\"alignleft size-medium wp-image-15513\" src=\"https:\/\/crc.org.ar\/w\/wp-content\/uploads\/2019\/01\/TdM-Circuito-de-Verano-300x192.jpeg\" alt=\"\" width=\"300\" height=\"192\" srcset=\"https:\/\/crc.org.ar\/w\/wp-content\/uploads\/2019\/01\/TdM-Circuito-de-Verano-300x192.jpeg 300w, https:\/\/crc.org.ar\/w\/wp-content\/uploads\/2019\/01\/TdM-Circuito-de-Verano-768x492.jpeg 768w, https:\/\/crc.org.ar\/w\/wp-content\/uploads\/2019\/01\/TdM-Circuito-de-Verano-1024x656.jpeg 1024w, https:\/\/crc.org.ar\/w\/wp-content\/uploads\/2019\/01\/TdM-Circuito-de-Verano.jpeg 1107w\" sizes=\"(max-width: 300px) 100vw, 300px\" \/><\/a>La VII edici\u00f3n del tradicional torneo de tenis de mesa del Club de Regatas Corrientes, que en principio tendr\u00e1 tres fechas, dar\u00e1 inicio este fin de semana en el Sal\u00f3n de Usos M\u00faltiples (SUM) de la instituci\u00f3n regatense.<\/p>\n<p>Cabe aclarar, que como en todas las ediciones, este torneo tendr\u00e1 car\u00e1cter de Abierto. Es decir que cualquier jugador, sin importar a que Asociaci\u00f3n o Club pertenezcan, puede sumarse a la competencia.<\/p>\n<p>La competencia, en donde se confeccionar\u00e1 un ranking para determinar al campe\u00f3n de la temporada, estar\u00e1 reservada para las siguientes categor\u00edas: Primera, Segunda, Tercera, Damas, y Cuarta (Menores y Mayores).<\/p>\n<p><strong>PROGRAMA<br \/>\n<\/strong><strong>PRIMER FECHA<br \/>\n<\/strong>La primera fecha se jugar\u00e1 este fin de semana en el sal\u00f3n de usos m\u00faltiples del Club Regatas Corrientes, con el siguiente programa:<\/p>\n<p>El s\u00e1bado 19, se jugar\u00e1 la categor\u00eda Cuarta a partir de las 9; y la Segunda a partir de las 10.30. En tanto el domingo 20, se jugar\u00e1 la categor\u00eda Damas a las 9, Tercera a las 10.30 y Primera a partir de las 15.<\/p>\n<p>La inscripci\u00f3n a cada categor\u00eda costar\u00e1 ciento veinte pesos ($ 120); y se pueden realizar a los siguientes n\u00fameros de TE (whatsapp) 3794 \u2013 600420 (Alejandro) o al 3794 \u2013 325013 (Sebasti\u00e1n).<\/p>\n","protected":false},"excerpt":{"rendered":"<p>(Mi\u00e9rcoles 16 de enero de 2019). La subcomisi\u00f3n de tenis de mesa del Club Regatas Corrientes llevar\u00e1 adelante la VII edici\u00f3n del Circuito de Verano, que como todos los a\u00f1os ser\u00e1 Abierto. La primera fecha de llevar\u00e1 este fin de semana. La VII edici\u00f3n del tradicional torneo de tenis de mesa del Club de Regatas &hellip;<\/p>\n","protected":false},"author":1,"featured_media":15514,"comment_status":"closed","ping_status":"closed","sticky":false,"template":"","format":"standard","meta":{"footnotes":""},"categories":[156,13],"tags":[],"_links":{"self":[{"href":"https:\/\/crc.org.ar\/w\/wp-json\/wp\/v2\/posts\/15512"}],"collection":[{"href":"https:\/\/crc.org.ar\/w\/wp-json\/wp\/v2\/posts"}],"about":[{"href":"https:\/\/crc.org.ar\/w\/wp-json\/wp\/v2\/types\/post"}],"author":[{"embeddable":true,"href":"https:\/\/crc.org.ar\/w\/wp-json\/wp\/v2\/users\/1"}],"replies":[{"embeddable":true,"href":"https:\/\/crc.org.ar\/w\/wp-json\/wp\/v2\/comments?post=15512"}],"version-history":[{"count":1,"href":"https:\/\/crc.org.ar\/w\/wp-json\/wp\/v2\/posts\/15512\/revisions"}],"predecessor-version":[{"id":15515,"href":"https:\/\/crc.org.ar\/w\/wp-json\/wp\/v2\/posts\/15512\/revisions\/15515"}],"wp:featuredmedia":[{"embeddable":true,"href":"https:\/\/crc.org.ar\/w\/wp-json\/wp\/v2\/media\/15514"}],"wp:attachment":[{"href":"https:\/\/crc.org.ar\/w\/wp-json\/wp\/v2\/media?parent=15512"}],"wp:term":[{"taxonomy":"category","embeddable":true,"href":"https:\/\/crc.org.ar\/w\/wp-json\/wp\/v2\/categories?post=15512"},{"taxonomy":"post_tag","embeddable":true,"href":"https:\/\/crc.org.ar\/w\/wp-json\/wp\/v2\/tags?post=15512"}],"curies":[{"name":"wp","href":"https:\/\/api.w.org\/{rel}","templated":true}]}}