{"id":15540,"date":"2019-01-17T17:08:38","date_gmt":"2019-01-17T20:08:38","guid":{"rendered":"https:\/\/crc.org.ar\/w\/?p=15540"},"modified":"2019-01-17T18:13:27","modified_gmt":"2019-01-17T21:13:27","slug":"los-colonos-y-una-jornada-a-puro-remo","status":"publish","type":"post","link":"https:\/\/crc.org.ar\/w\/los-colonos-y-una-jornada-a-puro-remo\/","title":{"rendered":"Los colonos y una jornada a puro remo"},"content":{"rendered":"<p>(Jueves 17 de enero de 2019). En el play\u00f3n deportivo 2 del Club de Regatas Corrientes se llev\u00f3 a cabo este jueves a la ma\u00f1ana una clase de remo para la colonia de vacaciones regatense bajo la coordinaci\u00f3n de <strong>Harris Gonz\u00e1lez Escobar.<\/strong><\/p>\n<p><!--more--><\/p>\n<p>Un una acci\u00f3n conjunta y por iniciativa del entrenador <strong>Harris Gonz\u00e1lez Escobar<\/strong> este jueves a la ma\u00f1ana los colonos del Club de Regatas Corrientes tuvieron una clase especial de remo.<\/p>\n<p>La misma se llev\u00f3 a cabo en el play\u00f3n deportivo 2 de la instituci\u00f3n regatense, en donde se llevaron botes, remos y remoerg\u00f3metros para que los colonos tengan conocimientos b\u00e1sicos de la disciplina.<\/p>\n<div id='gallery-1' class='gallery galleryid-15540 gallery-columns-3 gallery-size-thumbnail'><figure class='gallery-item'>\n\t\t\t<div class='gallery-icon landscape'>\n\t\t\t\t<a href='https:\/\/crc.org.ar\/w\/wp-content\/uploads\/2019\/01\/colonia-remero.jpg'><img loading=\"lazy\" decoding=\"async\" width=\"150\" height=\"150\" src=\"https:\/\/crc.org.ar\/w\/wp-content\/uploads\/2019\/01\/colonia-remero-150x150.jpg\" class=\"attachment-thumbnail size-thumbnail\" alt=\"\" \/><\/a>\n\t\t\t<\/div><\/figure><figure class='gallery-item'>\n\t\t\t<div class='gallery-icon landscape'>\n\t\t\t\t<a href='https:\/\/crc.org.ar\/w\/wp-content\/uploads\/2019\/01\/colonia-remero1.jpg'><img loading=\"lazy\" decoding=\"async\" width=\"150\" height=\"150\" src=\"https:\/\/crc.org.ar\/w\/wp-content\/uploads\/2019\/01\/colonia-remero1-150x150.jpg\" class=\"attachment-thumbnail size-thumbnail\" alt=\"\" \/><\/a>\n\t\t\t<\/div><\/figure><figure class='gallery-item'>\n\t\t\t<div class='gallery-icon landscape'>\n\t\t\t\t<a href='https:\/\/crc.org.ar\/w\/wp-content\/uploads\/2019\/01\/colonia-remero2.jpg'><img loading=\"lazy\" decoding=\"async\" width=\"150\" height=\"150\" src=\"https:\/\/crc.org.ar\/w\/wp-content\/uploads\/2019\/01\/colonia-remero2-150x150.jpg\" class=\"attachment-thumbnail size-thumbnail\" alt=\"\" \/><\/a>\n\t\t\t<\/div><\/figure><figure class='gallery-item'>\n\t\t\t<div class='gallery-icon landscape'>\n\t\t\t\t<a href='https:\/\/crc.org.ar\/w\/wp-content\/uploads\/2019\/01\/colonia-remero3.jpg'><img loading=\"lazy\" decoding=\"async\" width=\"150\" height=\"150\" src=\"https:\/\/crc.org.ar\/w\/wp-content\/uploads\/2019\/01\/colonia-remero3-150x150.jpg\" class=\"attachment-thumbnail size-thumbnail\" alt=\"\" \/><\/a>\n\t\t\t<\/div><\/figure><figure class='gallery-item'>\n\t\t\t<div class='gallery-icon landscape'>\n\t\t\t\t<a href='https:\/\/crc.org.ar\/w\/wp-content\/uploads\/2019\/01\/colonia-remero4.jpg'><img loading=\"lazy\" decoding=\"async\" width=\"150\" height=\"150\" src=\"https:\/\/crc.org.ar\/w\/wp-content\/uploads\/2019\/01\/colonia-remero4-150x150.jpg\" class=\"attachment-thumbnail size-thumbnail\" alt=\"\" \/><\/a>\n\t\t\t<\/div><\/figure><figure class='gallery-item'>\n\t\t\t<div class='gallery-icon landscape'>\n\t\t\t\t<a href='https:\/\/crc.org.ar\/w\/wp-content\/uploads\/2019\/01\/colonia-remero5.jpg'><img loading=\"lazy\" decoding=\"async\" width=\"150\" height=\"150\" src=\"https:\/\/crc.org.ar\/w\/wp-content\/uploads\/2019\/01\/colonia-remero5-150x150.jpg\" class=\"attachment-thumbnail size-thumbnail\" alt=\"\" \/><\/a>\n\t\t\t<\/div><\/figure><figure class='gallery-item'>\n\t\t\t<div class='gallery-icon landscape'>\n\t\t\t\t<a href='https:\/\/crc.org.ar\/w\/wp-content\/uploads\/2019\/01\/colonia-remero6.jpg'><img loading=\"lazy\" decoding=\"async\" width=\"150\" height=\"150\" src=\"https:\/\/crc.org.ar\/w\/wp-content\/uploads\/2019\/01\/colonia-remero6-150x150.jpg\" class=\"attachment-thumbnail size-thumbnail\" alt=\"\" \/><\/a>\n\t\t\t<\/div><\/figure><figure class='gallery-item'>\n\t\t\t<div class='gallery-icon landscape'>\n\t\t\t\t<a href='https:\/\/crc.org.ar\/w\/wp-content\/uploads\/2019\/01\/colonia-remero7.jpg'><img loading=\"lazy\" decoding=\"async\" width=\"150\" height=\"150\" src=\"https:\/\/crc.org.ar\/w\/wp-content\/uploads\/2019\/01\/colonia-remero7-150x150.jpg\" class=\"attachment-thumbnail size-thumbnail\" alt=\"\" \/><\/a>\n\t\t\t<\/div><\/figure><figure class='gallery-item'>\n\t\t\t<div class='gallery-icon landscape'>\n\t\t\t\t<a href='https:\/\/crc.org.ar\/w\/wp-content\/uploads\/2019\/01\/colonia-remero8.jpg'><img loading=\"lazy\" decoding=\"async\" width=\"150\" height=\"150\" src=\"https:\/\/crc.org.ar\/w\/wp-content\/uploads\/2019\/01\/colonia-remero8-150x150.jpg\" class=\"attachment-thumbnail size-thumbnail\" alt=\"\" \/><\/a>\n\t\t\t<\/div><\/figure>\n\t\t<\/div>\n\n<p>Como la actividad de la colonia regatense se divide en grupos, por edades, la clase de remo sigui\u00f3 la misma tem\u00e1tica para que los colonos y los instructores, plantel de entrenadores del Club, trabajen de manera m\u00e1s personalizada.<\/p>\n<p>Mucha curiosidad e inter\u00e9s mostraron los colonos, que tuvieron contacto directo con los botes, remos y en especial con los remoerg\u00f3metros, en donde conocieron las bondades de la coordinaci\u00f3n del ejercicio.<\/p>\n<p>Una actividad en conjunto que busc\u00f3 despertar el inter\u00e9s de los colonos por la actividad, y que la Direcci\u00f3n del Deportes de la instituci\u00f3n apoyo teniendo en cuenta que el Programa de la temporada 2018\/19 es \u201cViv\u00ed el Verano haciendo Deportes\u201d.<\/p>\n<p>&nbsp;<\/p>\n","protected":false},"excerpt":{"rendered":"<p>(Jueves 17 de enero de 2019). En el play\u00f3n deportivo 2 del Club de Regatas Corrientes se llev\u00f3 a cabo este jueves a la ma\u00f1ana una clase de remo para la colonia de vacaciones regatense bajo la coordinaci\u00f3n de Harris Gonz\u00e1lez Escobar. Un una acci\u00f3n conjunta y por iniciativa del entrenador Harris Gonz\u00e1lez Escobar este &hellip;<\/p>\n","protected":false},"author":1,"featured_media":15547,"comment_status":"closed","ping_status":"closed","sticky":false,"template":"","format":"standard","meta":{"footnotes":""},"categories":[156,18],"tags":[],"_links":{"self":[{"href":"https:\/\/crc.org.ar\/w\/wp-json\/wp\/v2\/posts\/15540"}],"collection":[{"href":"https:\/\/crc.org.ar\/w\/wp-json\/wp\/v2\/posts"}],"about":[{"href":"https:\/\/crc.org.ar\/w\/wp-json\/wp\/v2\/types\/post"}],"author":[{"embeddable":true,"href":"https:\/\/crc.org.ar\/w\/wp-json\/wp\/v2\/users\/1"}],"replies":[{"embeddable":true,"href":"https:\/\/crc.org.ar\/w\/wp-json\/wp\/v2\/comments?post=15540"}],"version-history":[{"count":1,"href":"https:\/\/crc.org.ar\/w\/wp-json\/wp\/v2\/posts\/15540\/revisions"}],"predecessor-version":[{"id":15550,"href":"https:\/\/crc.org.ar\/w\/wp-json\/wp\/v2\/posts\/15540\/revisions\/15550"}],"wp:featuredmedia":[{"embeddable":true,"href":"https:\/\/crc.org.ar\/w\/wp-json\/wp\/v2\/media\/15547"}],"wp:attachment":[{"href":"https:\/\/crc.org.ar\/w\/wp-json\/wp\/v2\/media?parent=15540"}],"wp:term":[{"taxonomy":"category","embeddable":true,"href":"https:\/\/crc.org.ar\/w\/wp-json\/wp\/v2\/categories?post=15540"},{"taxonomy":"post_tag","embeddable":true,"href":"https:\/\/crc.org.ar\/w\/wp-json\/wp\/v2\/tags?post=15540"}],"curies":[{"name":"wp","href":"https:\/\/api.w.org\/{rel}","templated":true}]}}