{"id":15959,"date":"2019-01-30T16:46:17","date_gmt":"2019-01-30T19:46:17","guid":{"rendered":"https:\/\/crc.org.ar\/w\/?p=15959"},"modified":"2019-01-30T16:46:17","modified_gmt":"2019-01-30T19:46:17","slug":"excelentes-tiempos-de-alejandro-vera-en-la-concentracion-con-la-seleccion-nacional","status":"publish","type":"post","link":"https:\/\/crc.org.ar\/w\/excelentes-tiempos-de-alejandro-vera-en-la-concentracion-con-la-seleccion-nacional\/","title":{"rendered":"Excelentes tiempos de Alejandro Vera en  la concentraci\u00f3n con la Selecci\u00f3n Nacional"},"content":{"rendered":"<p>(Mi\u00e9rcoles 30 de enero de 2019). El remero del Club de Regatas Corrientes, <strong>Alejandro Vera<\/strong>, tuvo un excelente desempe\u00f1o en la concentraci\u00f3n de la Selecci\u00f3n Nacional de Remo Adaptado en Nordelta, Tigre. La pr\u00f3xima concentraci\u00f3n ser\u00e1 del 25 de febrero al 2 de marzo.<\/p>\n<p><!--more--><\/p>\n<p><a href=\"https:\/\/crc.org.ar\/w\/wp-content\/uploads\/2019\/01\/vera1.jpg\"><img loading=\"lazy\" decoding=\"async\" class=\"alignleft size-medium wp-image-15960\" src=\"https:\/\/crc.org.ar\/w\/wp-content\/uploads\/2019\/01\/vera1-191x300.jpg\" alt=\"\" width=\"191\" height=\"300\" srcset=\"https:\/\/crc.org.ar\/w\/wp-content\/uploads\/2019\/01\/vera1-191x300.jpg 191w, https:\/\/crc.org.ar\/w\/wp-content\/uploads\/2019\/01\/vera1.jpg 408w\" sizes=\"(max-width: 191px) 100vw, 191px\" \/><\/a>De cara a un 2019 cargado de compromisos, fundamentalmente internacionales en busca de una plaza para los Juegos Para Ol\u00edmpicos de Tokio 2020, la Selecci\u00f3n Argentina de Para Remo concentr\u00f3 en Tigre, provincia de Buenos Aires.<\/p>\n<p>De la concentraci\u00f3n fue de la partida el remero de Regatas Corrientes, <strong>Alejandro Vera<\/strong>, que viene de un 2018 brillante en donde fue medalla de oro en la Copa Am\u00e9rica en Tigre, Argentina; y medalla de plata en el Sudamericano de Valpara\u00edso, Chile.<\/p>\n<p>Adem\u00e1s de Campe\u00f3n Argentino 2018 y disputar el Campeonato Mundial de Plovdiv (Bulgaria), en donde fue segundo en la final C; en su primera incursi\u00f3n ecum\u00e9nica con saldo altamente positivo.<\/p>\n<p><strong>LA CONCENTRACI\u00d3N<br \/>\n<\/strong>Vera concentr\u00f3 del 21 al 27 de enero pasado en Nordelta, Tigre, en donde realiz\u00f3 un entrenamiento de alto rendimiento con cargas y fuerza m\u00e1xima en gimnasio, nataci\u00f3n, streching (estiramiento) y entrenamiento en agua y remoerg\u00f3metro, con evaluaciones.<\/p>\n<p>Las evaluaciones, como es tradicional en los cuerpos t\u00e9cnicos nacionales, ya que tambi\u00e9n concentr\u00f3 la Selecci\u00f3n convencional, fueron en 4.000 metros, tanto en \u201cergo\u201d como en agua, y un contra reloj de 12 kil\u00f3metros.<\/p>\n<p>Los tiempos de Vera fueron realmente sorprendentes ya que en \u201cergo\u201d clav\u00f3 exactamente 18 minutos, obviamente todav\u00eda con carga; siendo en 2018 su mejor registro, con puesta a punto, fue de 18 minutos y 36 segundos.<\/p>\n<p>En tanto en agua, su tiempo fue mucho m\u00e1s bajo a\u00fan respecto a la temporada anterior. Mientras que el 2018 fue de 26 minutos y 13 segundos, hoy, en su primera toma, fue de 22 minutos y 7 segundos.<\/p>\n<p>Lo interesante de este registro es que Vera mantuvo una regularidad marcada en su andar de pr\u00e1cticamente 11 minutos y segundos en cada dos mil metros, especialmente mejorando su largada, algo que lo ten\u00eda ocupado en 2018.<\/p>\n<p>En tanto que en el contra reloj de 12 kil\u00f3metros, extenuante por donde se lo mire, <strong>Alejandro Vera <\/strong>cronometr\u00f3 un tiempo de 1 hora, 11 minutos, y 37 segundos; cerrando una concentraci\u00f3n que ilusiona.<strong>\u00a0<\/strong><\/p>\n<p><strong>PR\u00d3XIMA CONVOCATORIA<br \/>\n<\/strong>La pr\u00f3xima concentraci\u00f3n de la Selecci\u00f3n Nacional ser\u00e1 del 25 de febrero al 3 de marzo, ya con pruebas de 6 kil\u00f3metros en ergo y agua, y 14 kil\u00f3metros contra reloj; y esta vez 400 metros de nataci\u00f3n.<\/p>\n","protected":false},"excerpt":{"rendered":"<p>(Mi\u00e9rcoles 30 de enero de 2019). El remero del Club de Regatas Corrientes, Alejandro Vera, tuvo un excelente desempe\u00f1o en la concentraci\u00f3n de la Selecci\u00f3n Nacional de Remo Adaptado en Nordelta, Tigre. La pr\u00f3xima concentraci\u00f3n ser\u00e1 del 25 de febrero al 2 de marzo. De cara a un 2019 cargado de compromisos, fundamentalmente internacionales en &hellip;<\/p>\n","protected":false},"author":1,"featured_media":15961,"comment_status":"closed","ping_status":"closed","sticky":false,"template":"","format":"standard","meta":{"footnotes":""},"categories":[156,18],"tags":[],"_links":{"self":[{"href":"https:\/\/crc.org.ar\/w\/wp-json\/wp\/v2\/posts\/15959"}],"collection":[{"href":"https:\/\/crc.org.ar\/w\/wp-json\/wp\/v2\/posts"}],"about":[{"href":"https:\/\/crc.org.ar\/w\/wp-json\/wp\/v2\/types\/post"}],"author":[{"embeddable":true,"href":"https:\/\/crc.org.ar\/w\/wp-json\/wp\/v2\/users\/1"}],"replies":[{"embeddable":true,"href":"https:\/\/crc.org.ar\/w\/wp-json\/wp\/v2\/comments?post=15959"}],"version-history":[{"count":1,"href":"https:\/\/crc.org.ar\/w\/wp-json\/wp\/v2\/posts\/15959\/revisions"}],"predecessor-version":[{"id":15962,"href":"https:\/\/crc.org.ar\/w\/wp-json\/wp\/v2\/posts\/15959\/revisions\/15962"}],"wp:featuredmedia":[{"embeddable":true,"href":"https:\/\/crc.org.ar\/w\/wp-json\/wp\/v2\/media\/15961"}],"wp:attachment":[{"href":"https:\/\/crc.org.ar\/w\/wp-json\/wp\/v2\/media?parent=15959"}],"wp:term":[{"taxonomy":"category","embeddable":true,"href":"https:\/\/crc.org.ar\/w\/wp-json\/wp\/v2\/categories?post=15959"},{"taxonomy":"post_tag","embeddable":true,"href":"https:\/\/crc.org.ar\/w\/wp-json\/wp\/v2\/tags?post=15959"}],"curies":[{"name":"wp","href":"https:\/\/api.w.org\/{rel}","templated":true}]}}