{"id":15970,"date":"2019-01-30T23:09:04","date_gmt":"2019-01-31T02:09:04","guid":{"rendered":"https:\/\/crc.org.ar\/w\/?p=15970"},"modified":"2019-01-31T07:10:35","modified_gmt":"2019-01-31T10:10:35","slug":"el-fin-de-semana-se-juega-la-segunda-fecha-del-circuito-abierto-de-verano","status":"publish","type":"post","link":"https:\/\/crc.org.ar\/w\/el-fin-de-semana-se-juega-la-segunda-fecha-del-circuito-abierto-de-verano\/","title":{"rendered":"El fin de semana se juega la segunda  fecha del Circuito Abierto de Verano"},"content":{"rendered":"<p>(Mi\u00e9rcoles 30 de enero de 2019). Este fin de semana se jugar\u00e1 la segunda fecha de la VII edici\u00f3n del Circuito de Verano de tenis de mesa, que como todos los a\u00f1os ser\u00e1 Abierto. Se encuentra abierta la inscripci\u00f3n.<\/p>\n<p><!--more--><\/p>\n<p><a href=\"https:\/\/crc.org.ar\/w\/wp-content\/uploads\/2019\/01\/partidos-1.jpeg\"><img loading=\"lazy\" decoding=\"async\" class=\"alignleft size-medium wp-image-15971\" src=\"https:\/\/crc.org.ar\/w\/wp-content\/uploads\/2019\/01\/partidos-1-300x170.jpeg\" alt=\"\" width=\"300\" height=\"170\" srcset=\"https:\/\/crc.org.ar\/w\/wp-content\/uploads\/2019\/01\/partidos-1-300x170.jpeg 300w, https:\/\/crc.org.ar\/w\/wp-content\/uploads\/2019\/01\/partidos-1.jpeg 640w\" sizes=\"(max-width: 300px) 100vw, 300px\" \/><\/a>Despu\u00e9s del excelente inicio, este fin de semana se llevar\u00e1 a cabo la segunda fecha de la VII edici\u00f3n del tradicional torneo de tenis de mesa del Club de Regatas Corrientes, que volver\u00e1 a tener car\u00e1cter de Abierto.<\/p>\n<p>La competencia, seg\u00fan inform\u00f3 la subcomisi\u00f3n de tenis de mesa regatense, en principio tendr\u00e1 tres fechas, y se llevar\u00e1 a cabo en el Sal\u00f3n de Usos M\u00faltiples (SUM) de la instituci\u00f3n regatense.<\/p>\n<p>La competencia, en donde se confeccionar\u00e1 un ranking para determinar al campe\u00f3n de la temporada, estar\u00e1 reservada para las siguientes categor\u00edas: Primera, Segunda, Tercera, Damas, y Cuarta (Menores y Mayores).<\/p>\n<p><strong>PROGRAMA<\/strong><\/p>\n<p>La segunda fecha se jugar\u00e1 este fin de semana, con el siguiente programa: S\u00e1bado, se jugar\u00e1 la categor\u00eda Damas a partir de las 9; y la Cuarta a partir de las 10.30. Domingo, se jugar\u00e1 la categor\u00eda Segunda a las 9, Tercera a las 11.00 y Primera a partir de las 15.30.<\/p>\n<p><strong>INSCRIPCION <\/strong><\/p>\n<p>La inscripci\u00f3n a cada categor\u00eda costar\u00e1 ciento veinte pesos ($ 120); y se pueden realizar a los siguientes n\u00fameros de TE (whatsapp) 3794 \u2013 600420 (Alejandro), 3794 \u2013 325013 (Sebasti\u00e1n), y 3794 \u2013 384152 (Facundo).<\/p>\n<p><strong>PODIOS PRIMERA FECHA<\/strong><\/p>\n<p><strong>Primera: <\/strong>1- Alfredo Puga, 2- Arturo Palacios y 3- Juan Ignacio Gonz\u00e1lez.<\/p>\n<p><strong>Damas<\/strong>: 1- D\u00e9bora Romero, 2- Karina Lugo, y 3- Silvina Echeverr\u00eda.<\/p>\n<p><strong>Segunda<\/strong>: 1- Nicol\u00e1s N\u00fa\u00f1ez, 2- Claudio Villoldo, y 3- Alejandro Villalba.<\/p>\n<p><strong>Tercera<\/strong>: 1- Facundo Salvatierra, 2- Lautaro P\u00e9rez Rico, y 3- Ricardo Fidanza.<\/p>\n<p><strong>Cuarta<\/strong>: 1- Mat\u00edas M\u00e9ndez, 2- \u201cCacho\u201d Acosta, y 3- Joaqu\u00edn Diez.<\/p>\n<p>&nbsp;<\/p>\n<p>&nbsp;<\/p>\n","protected":false},"excerpt":{"rendered":"<p>(Mi\u00e9rcoles 30 de enero de 2019). Este fin de semana se jugar\u00e1 la segunda fecha de la VII edici\u00f3n del Circuito de Verano de tenis de mesa, que como todos los a\u00f1os ser\u00e1 Abierto. Se encuentra abierta la inscripci\u00f3n. Despu\u00e9s del excelente inicio, este fin de semana se llevar\u00e1 a cabo la segunda fecha de &hellip;<\/p>\n","protected":false},"author":1,"featured_media":15971,"comment_status":"closed","ping_status":"closed","sticky":false,"template":"","format":"standard","meta":{"footnotes":""},"categories":[156,13],"tags":[],"_links":{"self":[{"href":"https:\/\/crc.org.ar\/w\/wp-json\/wp\/v2\/posts\/15970"}],"collection":[{"href":"https:\/\/crc.org.ar\/w\/wp-json\/wp\/v2\/posts"}],"about":[{"href":"https:\/\/crc.org.ar\/w\/wp-json\/wp\/v2\/types\/post"}],"author":[{"embeddable":true,"href":"https:\/\/crc.org.ar\/w\/wp-json\/wp\/v2\/users\/1"}],"replies":[{"embeddable":true,"href":"https:\/\/crc.org.ar\/w\/wp-json\/wp\/v2\/comments?post=15970"}],"version-history":[{"count":1,"href":"https:\/\/crc.org.ar\/w\/wp-json\/wp\/v2\/posts\/15970\/revisions"}],"predecessor-version":[{"id":15972,"href":"https:\/\/crc.org.ar\/w\/wp-json\/wp\/v2\/posts\/15970\/revisions\/15972"}],"wp:featuredmedia":[{"embeddable":true,"href":"https:\/\/crc.org.ar\/w\/wp-json\/wp\/v2\/media\/15971"}],"wp:attachment":[{"href":"https:\/\/crc.org.ar\/w\/wp-json\/wp\/v2\/media?parent=15970"}],"wp:term":[{"taxonomy":"category","embeddable":true,"href":"https:\/\/crc.org.ar\/w\/wp-json\/wp\/v2\/categories?post=15970"},{"taxonomy":"post_tag","embeddable":true,"href":"https:\/\/crc.org.ar\/w\/wp-json\/wp\/v2\/tags?post=15970"}],"curies":[{"name":"wp","href":"https:\/\/api.w.org\/{rel}","templated":true}]}}