{"id":16172,"date":"2019-02-07T17:48:45","date_gmt":"2019-02-07T20:48:45","guid":{"rendered":"https:\/\/crc.org.ar\/w\/?p=16172"},"modified":"2019-02-07T17:48:45","modified_gmt":"2019-02-07T20:48:45","slug":"segunda-fecha-del-abierto-de-verano-enmarcada-por-el-exito","status":"publish","type":"post","link":"https:\/\/crc.org.ar\/w\/segunda-fecha-del-abierto-de-verano-enmarcada-por-el-exito\/","title":{"rendered":"Segunda fecha del Abierto de  Verano enmarcada por el \u00e9xito"},"content":{"rendered":"<p>(Jueves 7 de febrero de 2019). Con marcado \u00e9xito continu\u00f3, el pasado fin de semana, la VII edici\u00f3n del Circuito Abierto de Verano de tenis de mesa del Club de Regatas Corrientes. La segunda fecha qued\u00f3 para <strong>Silvina Echeverr\u00eda, Arturo Palacio, Luciano Galarza, Franco Simoni y Benjam\u00edn Maza<\/strong>.<\/p>\n<p><!--more--><\/p>\n<p><strong>Silvina Echeverr\u00eda, Arturo Palacio, Luciano Galarza, Franco Simoni y Benjam\u00edn Maz <\/strong>fueron los ganadores de la segunda fecha de la VII edici\u00f3n del tradicional torneo Abierto de Verano de tenis de mesa del Club de Regatas Corrientes.<\/p>\n<p>En Damas, <strong>Silvina Echeverr\u00eda<\/strong>, que hab\u00eda finalizado tercera en la primera fecha por desempate, se qued\u00f3 con la categor\u00eda; en tanto la experiencia de Arturo Palacio puedo m\u00e1s que Federico Gallardo qued\u00e1ndose con la categor\u00eda Primera.<\/p>\n<div id='gallery-1' class='gallery galleryid-16172 gallery-columns-3 gallery-size-thumbnail'><figure class='gallery-item'>\n\t\t\t<div class='gallery-icon portrait'>\n\t\t\t\t<a href='https:\/\/crc.org.ar\/w\/wp-content\/uploads\/2019\/02\/cuarta-primero.jpg'><img loading=\"lazy\" decoding=\"async\" width=\"150\" height=\"150\" src=\"https:\/\/crc.org.ar\/w\/wp-content\/uploads\/2019\/02\/cuarta-primero-150x150.jpg\" class=\"attachment-thumbnail size-thumbnail\" alt=\"\" \/><\/a>\n\t\t\t<\/div><\/figure><figure class='gallery-item'>\n\t\t\t<div class='gallery-icon portrait'>\n\t\t\t\t<a href='https:\/\/crc.org.ar\/w\/wp-content\/uploads\/2019\/02\/cuarta-segundo.jpg'><img loading=\"lazy\" decoding=\"async\" width=\"150\" height=\"150\" src=\"https:\/\/crc.org.ar\/w\/wp-content\/uploads\/2019\/02\/cuarta-segundo-150x150.jpg\" class=\"attachment-thumbnail size-thumbnail\" alt=\"\" \/><\/a>\n\t\t\t<\/div><\/figure><figure class='gallery-item'>\n\t\t\t<div class='gallery-icon portrait'>\n\t\t\t\t<a href='https:\/\/crc.org.ar\/w\/wp-content\/uploads\/2019\/02\/cuarta-tercero.jpg'><img loading=\"lazy\" decoding=\"async\" width=\"150\" height=\"150\" src=\"https:\/\/crc.org.ar\/w\/wp-content\/uploads\/2019\/02\/cuarta-tercero-150x150.jpg\" class=\"attachment-thumbnail size-thumbnail\" alt=\"\" \/><\/a>\n\t\t\t<\/div><\/figure><figure class='gallery-item'>\n\t\t\t<div class='gallery-icon landscape'>\n\t\t\t\t<a href='https:\/\/crc.org.ar\/w\/wp-content\/uploads\/2019\/02\/Damas-Podio.jpg'><img loading=\"lazy\" decoding=\"async\" width=\"150\" height=\"150\" src=\"https:\/\/crc.org.ar\/w\/wp-content\/uploads\/2019\/02\/Damas-Podio-150x150.jpg\" class=\"attachment-thumbnail size-thumbnail\" alt=\"\" \/><\/a>\n\t\t\t<\/div><\/figure><figure class='gallery-item'>\n\t\t\t<div class='gallery-icon portrait'>\n\t\t\t\t<a href='https:\/\/crc.org.ar\/w\/wp-content\/uploads\/2019\/02\/Damas-primera.jpg'><img loading=\"lazy\" decoding=\"async\" width=\"150\" height=\"150\" src=\"https:\/\/crc.org.ar\/w\/wp-content\/uploads\/2019\/02\/Damas-primera-150x150.jpg\" class=\"attachment-thumbnail size-thumbnail\" alt=\"\" \/><\/a>\n\t\t\t<\/div><\/figure><figure class='gallery-item'>\n\t\t\t<div class='gallery-icon portrait'>\n\t\t\t\t<a href='https:\/\/crc.org.ar\/w\/wp-content\/uploads\/2019\/02\/Damas-segunda.jpg'><img loading=\"lazy\" decoding=\"async\" width=\"150\" height=\"150\" src=\"https:\/\/crc.org.ar\/w\/wp-content\/uploads\/2019\/02\/Damas-segunda-150x150.jpg\" class=\"attachment-thumbnail size-thumbnail\" alt=\"\" \/><\/a>\n\t\t\t<\/div><\/figure><figure class='gallery-item'>\n\t\t\t<div class='gallery-icon portrait'>\n\t\t\t\t<a href='https:\/\/crc.org.ar\/w\/wp-content\/uploads\/2019\/02\/Damas-tercera.jpg'><img loading=\"lazy\" decoding=\"async\" width=\"150\" height=\"150\" src=\"https:\/\/crc.org.ar\/w\/wp-content\/uploads\/2019\/02\/Damas-tercera-150x150.jpg\" class=\"attachment-thumbnail size-thumbnail\" alt=\"\" \/><\/a>\n\t\t\t<\/div><\/figure><figure class='gallery-item'>\n\t\t\t<div class='gallery-icon landscape'>\n\t\t\t\t<a href='https:\/\/crc.org.ar\/w\/wp-content\/uploads\/2019\/02\/participantes.jpg'><img loading=\"lazy\" decoding=\"async\" width=\"150\" height=\"150\" src=\"https:\/\/crc.org.ar\/w\/wp-content\/uploads\/2019\/02\/participantes-150x150.jpg\" class=\"attachment-thumbnail size-thumbnail\" alt=\"\" \/><\/a>\n\t\t\t<\/div><\/figure><figure class='gallery-item'>\n\t\t\t<div class='gallery-icon landscape'>\n\t\t\t\t<a href='https:\/\/crc.org.ar\/w\/wp-content\/uploads\/2019\/02\/podio-cuarta.jpg'><img loading=\"lazy\" decoding=\"async\" width=\"150\" height=\"150\" src=\"https:\/\/crc.org.ar\/w\/wp-content\/uploads\/2019\/02\/podio-cuarta-150x150.jpg\" class=\"attachment-thumbnail size-thumbnail\" alt=\"\" \/><\/a>\n\t\t\t<\/div><\/figure><figure class='gallery-item'>\n\t\t\t<div class='gallery-icon landscape'>\n\t\t\t\t<a href='https:\/\/crc.org.ar\/w\/wp-content\/uploads\/2019\/02\/podio-primera.jpg'><img loading=\"lazy\" decoding=\"async\" width=\"150\" height=\"150\" src=\"https:\/\/crc.org.ar\/w\/wp-content\/uploads\/2019\/02\/podio-primera-150x150.jpg\" class=\"attachment-thumbnail size-thumbnail\" alt=\"\" \/><\/a>\n\t\t\t<\/div><\/figure><figure class='gallery-item'>\n\t\t\t<div class='gallery-icon landscape'>\n\t\t\t\t<a href='https:\/\/crc.org.ar\/w\/wp-content\/uploads\/2019\/02\/Podio-Tercera.jpg'><img loading=\"lazy\" decoding=\"async\" width=\"150\" height=\"150\" src=\"https:\/\/crc.org.ar\/w\/wp-content\/uploads\/2019\/02\/Podio-Tercera-150x150.jpg\" class=\"attachment-thumbnail size-thumbnail\" alt=\"\" \/><\/a>\n\t\t\t<\/div><\/figure><figure class='gallery-item'>\n\t\t\t<div class='gallery-icon portrait'>\n\t\t\t\t<a href='https:\/\/crc.org.ar\/w\/wp-content\/uploads\/2019\/02\/primera-primero.jpg'><img loading=\"lazy\" decoding=\"async\" width=\"150\" height=\"150\" src=\"https:\/\/crc.org.ar\/w\/wp-content\/uploads\/2019\/02\/primera-primero-150x150.jpg\" class=\"attachment-thumbnail size-thumbnail\" alt=\"\" \/><\/a>\n\t\t\t<\/div><\/figure><figure class='gallery-item'>\n\t\t\t<div class='gallery-icon portrait'>\n\t\t\t\t<a href='https:\/\/crc.org.ar\/w\/wp-content\/uploads\/2019\/02\/primera-segundo.jpg'><img loading=\"lazy\" decoding=\"async\" width=\"150\" height=\"150\" src=\"https:\/\/crc.org.ar\/w\/wp-content\/uploads\/2019\/02\/primera-segundo-150x150.jpg\" class=\"attachment-thumbnail size-thumbnail\" alt=\"\" \/><\/a>\n\t\t\t<\/div><\/figure><figure class='gallery-item'>\n\t\t\t<div class='gallery-icon portrait'>\n\t\t\t\t<a href='https:\/\/crc.org.ar\/w\/wp-content\/uploads\/2019\/02\/primera-tercero.jpg'><img loading=\"lazy\" decoding=\"async\" width=\"150\" height=\"150\" src=\"https:\/\/crc.org.ar\/w\/wp-content\/uploads\/2019\/02\/primera-tercero-150x150.jpg\" class=\"attachment-thumbnail size-thumbnail\" alt=\"\" \/><\/a>\n\t\t\t<\/div><\/figure><figure class='gallery-item'>\n\t\t\t<div class='gallery-icon portrait'>\n\t\t\t\t<a href='https:\/\/crc.org.ar\/w\/wp-content\/uploads\/2019\/02\/Segunda-segundo-y-tercero.jpg'><img loading=\"lazy\" decoding=\"async\" width=\"150\" height=\"150\" src=\"https:\/\/crc.org.ar\/w\/wp-content\/uploads\/2019\/02\/Segunda-segundo-y-tercero-150x150.jpg\" class=\"attachment-thumbnail size-thumbnail\" alt=\"\" \/><\/a>\n\t\t\t<\/div><\/figure><figure class='gallery-item'>\n\t\t\t<div class='gallery-icon portrait'>\n\t\t\t\t<a href='https:\/\/crc.org.ar\/w\/wp-content\/uploads\/2019\/02\/Tercera-primero.jpg'><img loading=\"lazy\" decoding=\"async\" width=\"150\" height=\"150\" src=\"https:\/\/crc.org.ar\/w\/wp-content\/uploads\/2019\/02\/Tercera-primero-150x150.jpg\" class=\"attachment-thumbnail size-thumbnail\" alt=\"\" \/><\/a>\n\t\t\t<\/div><\/figure><figure class='gallery-item'>\n\t\t\t<div class='gallery-icon portrait'>\n\t\t\t\t<a href='https:\/\/crc.org.ar\/w\/wp-content\/uploads\/2019\/02\/Tercera-segundo.jpg'><img loading=\"lazy\" decoding=\"async\" width=\"150\" height=\"150\" src=\"https:\/\/crc.org.ar\/w\/wp-content\/uploads\/2019\/02\/Tercera-segundo-150x150.jpg\" class=\"attachment-thumbnail size-thumbnail\" alt=\"\" \/><\/a>\n\t\t\t<\/div><\/figure><figure class='gallery-item'>\n\t\t\t<div class='gallery-icon portrait'>\n\t\t\t\t<a href='https:\/\/crc.org.ar\/w\/wp-content\/uploads\/2019\/02\/Tercera-tercera.jpg'><img loading=\"lazy\" decoding=\"async\" width=\"150\" height=\"150\" src=\"https:\/\/crc.org.ar\/w\/wp-content\/uploads\/2019\/02\/Tercera-tercera-150x150.jpg\" class=\"attachment-thumbnail size-thumbnail\" alt=\"\" \/><\/a>\n\t\t\t<\/div><\/figure>\n\t\t<\/div>\n\n<p>En tanto que en la categor\u00eda Promocional (Cuarta) el podio fue totalmente distinto al de la primera fecha, ya que <strong>Benjam\u00edn Maza<\/strong> se qued\u00f3 con el primer puesto, escoltado por <strong>\u201cJuani\u201d Romero <\/strong>y<strong> \u201cGaby\u201d Maciel.<\/strong><\/p>\n<p><strong>SEGUNDA FECHA<br \/>\n<\/strong><strong>Damas<\/strong>: 1- Silvina Echeverr\u00eda, 2- D\u00e9bora Romero, y 3- Mar\u00eda Teresa Pozzi.<br \/>\n<strong>Primera<\/strong>: 1- Arturo Palacio, 2- Federico Gallardo, y 3- Salvador Troia.<br \/>\n<strong>Segunda<\/strong>: 1- Luciano Galarza, 2- Alejandro Villalba, y 3- Nicol\u00e1s N\u00fa\u00f1ez.<br \/>\n<strong>Tercera<\/strong>: 1- Franco Simoni, 2- Lautaro Sartor, y 3- Facundo Salvatierra.<br \/>\n<strong>Cuarta<\/strong>: 1- Benjam\u00edn Maza, 2- \u201cJuani\u201d Romero, y 3- \u201cGaby\u201d Maciel.<\/p>\n<p><strong>ESCUELITA<br \/>\n<\/strong>En otro orden, recordemos que la escuelita de tenis de mesa contin\u00faa a lo largo de toda la temporada veraniega. En el Sal\u00f3n de Usos M\u00faltiples (SUM), todos los martes, jueves y s\u00e1bados de 10 a 13 horas, a cargo del instructor <strong>Francisco Alberto Portillo.<\/strong><\/p>\n<p>Los interesados, personas de ambos sexos, desde ni\u00f1os a adultos sin l\u00edmites de edad, pueden recabar m\u00e1s informaci\u00f3n en el SUM, en los d\u00edas y horarios antes se\u00f1alados, con el instructor Portillo; o bien pedir informes a <a href=\"mailto:portialbert05@hotmail.com\">portialbert05@hotmail.com<\/a><\/p>\n<p><strong>MAS HORARIOS<br \/>\n<\/strong>Recordemos tambi\u00e9n el horario especial de 22 a 24 horas, los lunes, martes, mi\u00e9rcoles, y jueves siempre en el SUM regatense, para adultos principiantes, adelantados y hasta Federados que quieran ir mejorando su t\u00e9cnica individual.<strong><br \/>\n<\/strong><\/p>\n<p>Los lunes y mi\u00e9rcoles a cargo del instructor <strong>Carlos N\u00fa\u00f1ez<\/strong>, y los martes y jueves a cargo de <strong>Alejandro Villalba<\/strong>, actualmente presidente de la subcomisi\u00f3n de tenis de mesa de la instituci\u00f3n \u201cremera\u201d.<\/p>\n","protected":false},"excerpt":{"rendered":"<p>(Jueves 7 de febrero de 2019). Con marcado \u00e9xito continu\u00f3, el pasado fin de semana, la VII edici\u00f3n del Circuito Abierto de Verano de tenis de mesa del Club de Regatas Corrientes. La segunda fecha qued\u00f3 para Silvina Echeverr\u00eda, Arturo Palacio, Luciano Galarza, Franco Simoni y Benjam\u00edn Maza. Silvina Echeverr\u00eda, Arturo Palacio, Luciano Galarza, Franco &hellip;<\/p>\n","protected":false},"author":1,"featured_media":16180,"comment_status":"closed","ping_status":"closed","sticky":false,"template":"","format":"standard","meta":{"footnotes":""},"categories":[156,13],"tags":[],"_links":{"self":[{"href":"https:\/\/crc.org.ar\/w\/wp-json\/wp\/v2\/posts\/16172"}],"collection":[{"href":"https:\/\/crc.org.ar\/w\/wp-json\/wp\/v2\/posts"}],"about":[{"href":"https:\/\/crc.org.ar\/w\/wp-json\/wp\/v2\/types\/post"}],"author":[{"embeddable":true,"href":"https:\/\/crc.org.ar\/w\/wp-json\/wp\/v2\/users\/1"}],"replies":[{"embeddable":true,"href":"https:\/\/crc.org.ar\/w\/wp-json\/wp\/v2\/comments?post=16172"}],"version-history":[{"count":1,"href":"https:\/\/crc.org.ar\/w\/wp-json\/wp\/v2\/posts\/16172\/revisions"}],"predecessor-version":[{"id":16191,"href":"https:\/\/crc.org.ar\/w\/wp-json\/wp\/v2\/posts\/16172\/revisions\/16191"}],"wp:featuredmedia":[{"embeddable":true,"href":"https:\/\/crc.org.ar\/w\/wp-json\/wp\/v2\/media\/16180"}],"wp:attachment":[{"href":"https:\/\/crc.org.ar\/w\/wp-json\/wp\/v2\/media?parent=16172"}],"wp:term":[{"taxonomy":"category","embeddable":true,"href":"https:\/\/crc.org.ar\/w\/wp-json\/wp\/v2\/categories?post=16172"},{"taxonomy":"post_tag","embeddable":true,"href":"https:\/\/crc.org.ar\/w\/wp-json\/wp\/v2\/tags?post=16172"}],"curies":[{"name":"wp","href":"https:\/\/api.w.org\/{rel}","templated":true}]}}