{"id":16414,"date":"2019-02-14T14:11:10","date_gmt":"2019-02-14T17:11:10","guid":{"rendered":"https:\/\/crc.org.ar\/w\/?p=16414"},"modified":"2019-02-14T14:12:06","modified_gmt":"2019-02-14T17:12:06","slug":"el-remo-tiene-su-calendario-2019-que-arrancara-este-sabado","status":"publish","type":"post","link":"https:\/\/crc.org.ar\/w\/el-remo-tiene-su-calendario-2019-que-arrancara-este-sabado\/","title":{"rendered":"El remo tiene su calendario 2019, que arrancar\u00e1 este s\u00e1bado"},"content":{"rendered":"<p>(Jueves 14 de febrero de 2019). Este s\u00e1bado, a las 16 horas, se llevar\u00e1 a cabo la primera regata de \u201cVerano 2019\u201d, en lo que marcar\u00e1 el inicio del calendario de actividades de la primera parte del a\u00f1o del remo, a cargo del coordinador <strong>Harris Gonz\u00e1lez Escobar.<\/strong><!--more--><\/p>\n<p><img loading=\"lazy\" decoding=\"async\" class=\"size-medium wp-image-16415 alignleft\" src=\"https:\/\/crc.org.ar\/w\/wp-content\/uploads\/2019\/02\/remo3-300x150.jpg\" alt=\"\" width=\"300\" height=\"150\" srcset=\"https:\/\/crc.org.ar\/w\/wp-content\/uploads\/2019\/02\/remo3-300x150.jpg 300w, https:\/\/crc.org.ar\/w\/wp-content\/uploads\/2019\/02\/remo3.jpg 640w\" sizes=\"(max-width: 300px) 100vw, 300px\" \/>El remo ya tiene su calendario 2019, al menos para la primera parte de la temporada, que arrancar\u00e1 este s\u00e1bado con la primera regata de \u201cVerano 2019\u201d y finalizar\u00e1 el 13 de abril con la regata \u201cAlberto Dimidi\u201d, en conmemoraci\u00f3n del D\u00eda del Remero Argentino.<\/p>\n<p>Con la llegada del entrenador internacional <strong>Harris Gonz\u00e1lez Escobar<\/strong>, la subcomisi\u00f3n de remo, al igual que la actividad y especialmente los remeros, tom\u00f3 fuerzas para un gran envi\u00f3n que promete un a\u00f1o espectacular.<\/p>\n<p>El mundo del remo en Regatas Corrientes tom\u00f3 vida y el tradicional galp\u00f3n de botes de la instituci\u00f3n regatense gan\u00f3 vida, con innumerables remeros que retomaron la actividad y otros \u00e1vidos de aprender a remar; entre otros.<\/p>\n<p><strong>PRIMERA REGATA<\/strong><\/p>\n<p><strong>VERANO 2019<\/strong><\/p>\n<p>En ese contexto, este s\u00e1bado arrancar\u00e1 la primera regata de \u201cVerano 2019, que comenzar\u00e1 a las 16 horas, y para la cual est\u00e1n todos invitados a participar y presenciar. Ser\u00e1 una actividad promocional, competitiva con pruebas a confirmarse minutos antes de la regata.<\/p>\n<p>La competencia, de 500 metros, ser\u00e1 en el r\u00edo Paran\u00e1, frente a la costa del Club de Regatas Corrientes, r\u00edo abajo para que la llegada pueda ser presenciada en la punta Mitre o bien en las piletas flotantes de r\u00edo del Club organizador.<\/p>\n<p>Por tal motivo est\u00e1n todos invitados a participar o presenciar la regata, que sigue buscando cautivar a los j\u00f3venes a la pr\u00e1ctica del remo, actividad que conjura el deporte con la naturaleza en el majestuoso r\u00edo Paran\u00e1.<\/p>\n<p><b>AS\u00cd<\/b><strong>\u00a0SIGUE<\/strong><\/p>\n<p>La actividad continuar\u00e1 el s\u00e1bado 2 de marzo con la primera excursi\u00f3n de remo \u201cCarnavales 2019\u201d, en una modalidad de traves\u00eda para que tambi\u00e9n todos participen y conozcan las bondades del remo.\u00a0<img loading=\"lazy\" decoding=\"async\" class=\"size-medium wp-image-16416 alignright\" src=\"https:\/\/crc.org.ar\/w\/wp-content\/uploads\/2019\/02\/remo4-300x165.jpg\" alt=\"\" width=\"300\" height=\"165\" srcset=\"https:\/\/crc.org.ar\/w\/wp-content\/uploads\/2019\/02\/remo4-300x165.jpg 300w, https:\/\/crc.org.ar\/w\/wp-content\/uploads\/2019\/02\/remo4.jpg 640w\" sizes=\"(max-width: 300px) 100vw, 300px\" \/><\/p>\n<p>El 23 de marzo, en tanto, ser\u00e1 la segunda regata de \u201cVerano 2019\u201d, cierre de la temporada veraniega, tambi\u00e9n abierta para todo remos del club y en donde participaran los remeros promocionales, federados y master de la instituci\u00f3n, adem\u00e1s de socios interesados.<\/p>\n<p>El cronograma de actividades, al menos para la primera parte del a\u00f1o, se cerrar\u00e1 el 13 de abril con la regata \u201cAlberto Dimidi\u201d, en conmemoraci\u00f3n del D\u00eda del Remero Argentino que es el 11 de abril.<\/p>\n<div id='gallery-1' class='gallery galleryid-16414 gallery-columns-4 gallery-size-thumbnail'><figure class='gallery-item'>\n\t\t\t<div class='gallery-icon landscape'>\n\t\t\t\t<a href='https:\/\/crc.org.ar\/w\/wp-content\/uploads\/2019\/02\/remo3.jpg'><img loading=\"lazy\" decoding=\"async\" width=\"150\" height=\"150\" src=\"https:\/\/crc.org.ar\/w\/wp-content\/uploads\/2019\/02\/remo3-150x150.jpg\" class=\"attachment-thumbnail size-thumbnail\" alt=\"\" \/><\/a>\n\t\t\t<\/div><\/figure><figure class='gallery-item'>\n\t\t\t<div class='gallery-icon landscape'>\n\t\t\t\t<a href='https:\/\/crc.org.ar\/w\/wp-content\/uploads\/2019\/02\/remo.jpg'><img loading=\"lazy\" decoding=\"async\" width=\"150\" height=\"150\" src=\"https:\/\/crc.org.ar\/w\/wp-content\/uploads\/2019\/02\/remo-150x150.jpg\" class=\"attachment-thumbnail size-thumbnail\" alt=\"\" \/><\/a>\n\t\t\t<\/div><\/figure><figure class='gallery-item'>\n\t\t\t<div class='gallery-icon landscape'>\n\t\t\t\t<a href='https:\/\/crc.org.ar\/w\/wp-content\/uploads\/2019\/02\/remo1.jpg'><img loading=\"lazy\" decoding=\"async\" width=\"150\" height=\"150\" src=\"https:\/\/crc.org.ar\/w\/wp-content\/uploads\/2019\/02\/remo1-150x150.jpg\" class=\"attachment-thumbnail size-thumbnail\" alt=\"\" \/><\/a>\n\t\t\t<\/div><\/figure><figure class='gallery-item'>\n\t\t\t<div class='gallery-icon landscape'>\n\t\t\t\t<a href='https:\/\/crc.org.ar\/w\/wp-content\/uploads\/2019\/02\/remo2.jpg'><img loading=\"lazy\" decoding=\"async\" width=\"150\" height=\"150\" src=\"https:\/\/crc.org.ar\/w\/wp-content\/uploads\/2019\/02\/remo2-150x150.jpg\" class=\"attachment-thumbnail size-thumbnail\" alt=\"\" \/><\/a>\n\t\t\t<\/div><\/figure><figure class='gallery-item'>\n\t\t\t<div class='gallery-icon landscape'>\n\t\t\t\t<a href='https:\/\/crc.org.ar\/w\/wp-content\/uploads\/2019\/02\/remo5.jpg'><img loading=\"lazy\" decoding=\"async\" width=\"150\" height=\"150\" src=\"https:\/\/crc.org.ar\/w\/wp-content\/uploads\/2019\/02\/remo5-150x150.jpg\" class=\"attachment-thumbnail size-thumbnail\" alt=\"\" \/><\/a>\n\t\t\t<\/div><\/figure><figure class='gallery-item'>\n\t\t\t<div class='gallery-icon landscape'>\n\t\t\t\t<a href='https:\/\/crc.org.ar\/w\/wp-content\/uploads\/2019\/02\/remo6.jpg'><img loading=\"lazy\" decoding=\"async\" width=\"150\" height=\"150\" src=\"https:\/\/crc.org.ar\/w\/wp-content\/uploads\/2019\/02\/remo6-150x150.jpg\" class=\"attachment-thumbnail size-thumbnail\" alt=\"\" \/><\/a>\n\t\t\t<\/div><\/figure><figure class='gallery-item'>\n\t\t\t<div class='gallery-icon landscape'>\n\t\t\t\t<a href='https:\/\/crc.org.ar\/w\/wp-content\/uploads\/2019\/02\/remo7.jpg'><img loading=\"lazy\" decoding=\"async\" width=\"150\" height=\"150\" src=\"https:\/\/crc.org.ar\/w\/wp-content\/uploads\/2019\/02\/remo7-150x150.jpg\" class=\"attachment-thumbnail size-thumbnail\" alt=\"\" \/><\/a>\n\t\t\t<\/div><\/figure><figure class='gallery-item'>\n\t\t\t<div class='gallery-icon landscape'>\n\t\t\t\t<a href='https:\/\/crc.org.ar\/w\/wp-content\/uploads\/2019\/02\/remo8.jpg'><img loading=\"lazy\" decoding=\"async\" width=\"150\" height=\"150\" src=\"https:\/\/crc.org.ar\/w\/wp-content\/uploads\/2019\/02\/remo8-150x150.jpg\" class=\"attachment-thumbnail size-thumbnail\" alt=\"\" \/><\/a>\n\t\t\t<\/div><\/figure><figure class='gallery-item'>\n\t\t\t<div class='gallery-icon landscape'>\n\t\t\t\t<a href='https:\/\/crc.org.ar\/w\/wp-content\/uploads\/2019\/02\/remo9.jpg'><img loading=\"lazy\" decoding=\"async\" width=\"150\" height=\"150\" src=\"https:\/\/crc.org.ar\/w\/wp-content\/uploads\/2019\/02\/remo9-150x150.jpg\" class=\"attachment-thumbnail size-thumbnail\" alt=\"\" \/><\/a>\n\t\t\t<\/div><\/figure>\n\t\t<\/div>\n\n","protected":false},"excerpt":{"rendered":"<p>(Jueves 14 de febrero de 2019). Este s\u00e1bado, a las 16 horas, se llevar\u00e1 a cabo la primera regata de \u201cVerano 2019\u201d, en lo que marcar\u00e1 el inicio del calendario de actividades de la primera parte del a\u00f1o del remo, a cargo del coordinador Harris Gonz\u00e1lez Escobar. El remo ya tiene su calendario 2019, al &hellip;<\/p>\n","protected":false},"author":1,"featured_media":16425,"comment_status":"closed","ping_status":"closed","sticky":false,"template":"","format":"standard","meta":{"footnotes":""},"categories":[156,18],"tags":[],"_links":{"self":[{"href":"https:\/\/crc.org.ar\/w\/wp-json\/wp\/v2\/posts\/16414"}],"collection":[{"href":"https:\/\/crc.org.ar\/w\/wp-json\/wp\/v2\/posts"}],"about":[{"href":"https:\/\/crc.org.ar\/w\/wp-json\/wp\/v2\/types\/post"}],"author":[{"embeddable":true,"href":"https:\/\/crc.org.ar\/w\/wp-json\/wp\/v2\/users\/1"}],"replies":[{"embeddable":true,"href":"https:\/\/crc.org.ar\/w\/wp-json\/wp\/v2\/comments?post=16414"}],"version-history":[{"count":2,"href":"https:\/\/crc.org.ar\/w\/wp-json\/wp\/v2\/posts\/16414\/revisions"}],"predecessor-version":[{"id":16427,"href":"https:\/\/crc.org.ar\/w\/wp-json\/wp\/v2\/posts\/16414\/revisions\/16427"}],"wp:featuredmedia":[{"embeddable":true,"href":"https:\/\/crc.org.ar\/w\/wp-json\/wp\/v2\/media\/16425"}],"wp:attachment":[{"href":"https:\/\/crc.org.ar\/w\/wp-json\/wp\/v2\/media?parent=16414"}],"wp:term":[{"taxonomy":"category","embeddable":true,"href":"https:\/\/crc.org.ar\/w\/wp-json\/wp\/v2\/categories?post=16414"},{"taxonomy":"post_tag","embeddable":true,"href":"https:\/\/crc.org.ar\/w\/wp-json\/wp\/v2\/tags?post=16414"}],"curies":[{"name":"wp","href":"https:\/\/api.w.org\/{rel}","templated":true}]}}