{"id":16428,"date":"2019-02-14T14:15:06","date_gmt":"2019-02-14T17:15:06","guid":{"rendered":"https:\/\/crc.org.ar\/w\/?p=16428"},"modified":"2019-02-14T14:15:06","modified_gmt":"2019-02-14T17:15:06","slug":"este-fin-de-semana-se-juega-la-tercera-fecha-del-circuito-abierto-de-verano","status":"publish","type":"post","link":"https:\/\/crc.org.ar\/w\/este-fin-de-semana-se-juega-la-tercera-fecha-del-circuito-abierto-de-verano\/","title":{"rendered":"Este fin de semana se juega la tercera fecha del Circuito Abierto de Verano"},"content":{"rendered":"<p>(Jueves 14 de febrero de 2019). Este fin de semana se jugar\u00e1 la tercera fecha de la VII edici\u00f3n del Circuito Abierto de Verano de tenis de mesa. Se encuentra abierta la inscripci\u00f3n.<!--more--><\/p>\n<p><img loading=\"lazy\" decoding=\"async\" class=\"size-medium wp-image-16430 alignleft\" src=\"https:\/\/crc.org.ar\/w\/wp-content\/uploads\/2019\/02\/partidos1-300x179.jpeg\" alt=\"\" width=\"300\" height=\"179\" srcset=\"https:\/\/crc.org.ar\/w\/wp-content\/uploads\/2019\/02\/partidos1-300x179.jpeg 300w, https:\/\/crc.org.ar\/w\/wp-content\/uploads\/2019\/02\/partidos1-768x459.jpeg 768w, https:\/\/crc.org.ar\/w\/wp-content\/uploads\/2019\/02\/partidos1-1024x612.jpeg 1024w, https:\/\/crc.org.ar\/w\/wp-content\/uploads\/2019\/02\/partidos1.jpeg 1299w\" sizes=\"(max-width: 300px) 100vw, 300px\" \/>Con marcada expectativa, este fin de semana se llevar\u00e1 a cabo la tercera fecha de la VII edici\u00f3n del tradicional torneo de tenis de mesa del Club de Regatas Corrientes, que volver\u00e1 a tener car\u00e1cter de Abierto.<\/p>\n<p>La competencia se llevar\u00e1 a cabo el s\u00e1bado en el Sal\u00f3n de Usos M\u00faltiples (SUM) de la instituci\u00f3n regatense; en tanto el domingo se desarrollar\u00e1 en el Sal\u00f3n de Fiestas.<\/p>\n<p>La competencia estar\u00e1 reservada para las siguientes categor\u00edas: Primera, Segunda, Tercera, Damas, y Cuarta (Menores y Mayores).<\/p>\n<p><strong>PROGRAMA<\/strong><\/p>\n<p>La tercera fecha se jugar\u00e1 este fin de semana, con el siguiente programa: S\u00e1bado, se jugar\u00e1 la categor\u00eda Damas a partir de las 9; y la Cuarta a partir de las 10.30. Domingo, se jugar\u00e1 la categor\u00eda Segunda a las 9, Tercera a las 11.00 y Primera a partir de las 15.30.<\/p>\n<p><b>INSCRIPCI\u00d3N<\/b><\/p>\n<p>La inscripci\u00f3n a cada categor\u00eda costar\u00e1 ciento veinte pesos ($ 120); y se pueden realizar a los siguientes n\u00fameros de TE (whatsapp) 3794 \u2013 600420 (Alejandro), 3794 \u2013 325013 (Sebasti\u00e1n), y 3794 \u2013 384152 (Facundo).<\/p>\n<p><strong>PODIO PRIMERA FECHA<\/strong><\/p>\n<p><strong>Damas<\/strong>: 1- D\u00e9bora Romero, 2- Karina Lugo, y 3- Silvina Echeverr\u00eda.<\/p>\n<p><strong>Primera:<\/strong> 1- Alfredo Puga, 2- Arturo Palacio y 3- Juan Ignacio Gonz\u00e1lez.<\/p>\n<p><strong>Segunda<\/strong>: 1- Nicol\u00e1s N\u00fa\u00f1ez, 2- Claudio Villoldo, y 3- Alejandro Villalba.<\/p>\n<p><strong>Tercera<\/strong>: 1- Facundo Salvatierra, 2- Lautaro P\u00e9rez Rico, y 3- Ricardo Fidanza.<\/p>\n<p><strong>Cuarta<\/strong>: 1- Mat\u00edas M\u00e9ndez, 2- \u201cCacho\u201d Acosta, y 3- Joaqu\u00edn Diez.<\/p>\n<p><strong>PODIO SEGUNDA FECHA<\/strong><\/p>\n<p><strong>Damas:<\/strong> 1- Silvina Echeverr\u00eda, 2- D\u00e9bora Romero, y 3- Mar\u00eda Teresa Pozzi.<\/p>\n<p><strong>Primera<\/strong>: 1- Arturo Palacio, 2- Federico Gallardo, y 3- Salvador Troia.<\/p>\n<p><strong>Segunda<\/strong>: 1- Luciano Galarza, 2- Alejandro Villalba, y 3- Nicol\u00e1s N\u00fa\u00f1ez.<\/p>\n<p><strong>Tercera<\/strong>: 1- Franco Simoni, 2- Lautaro Sartor, y 3- Facundo Salvatierra.<\/p>\n<p><strong>Cuarta<\/strong>: 1- Benjam\u00edn Maza, 2- \u201cJuani\u201d Romero, y 3- \u201cGaby\u201d Maciel.<\/p>\n","protected":false},"excerpt":{"rendered":"<p>(Jueves 14 de febrero de 2019). Este fin de semana se jugar\u00e1 la tercera fecha de la VII edici\u00f3n del Circuito Abierto de Verano de tenis de mesa. Se encuentra abierta la inscripci\u00f3n. Con marcada expectativa, este fin de semana se llevar\u00e1 a cabo la tercera fecha de la VII edici\u00f3n del tradicional torneo de &hellip;<\/p>\n","protected":false},"author":1,"featured_media":16429,"comment_status":"closed","ping_status":"closed","sticky":false,"template":"","format":"standard","meta":{"footnotes":""},"categories":[156,13],"tags":[],"_links":{"self":[{"href":"https:\/\/crc.org.ar\/w\/wp-json\/wp\/v2\/posts\/16428"}],"collection":[{"href":"https:\/\/crc.org.ar\/w\/wp-json\/wp\/v2\/posts"}],"about":[{"href":"https:\/\/crc.org.ar\/w\/wp-json\/wp\/v2\/types\/post"}],"author":[{"embeddable":true,"href":"https:\/\/crc.org.ar\/w\/wp-json\/wp\/v2\/users\/1"}],"replies":[{"embeddable":true,"href":"https:\/\/crc.org.ar\/w\/wp-json\/wp\/v2\/comments?post=16428"}],"version-history":[{"count":1,"href":"https:\/\/crc.org.ar\/w\/wp-json\/wp\/v2\/posts\/16428\/revisions"}],"predecessor-version":[{"id":16431,"href":"https:\/\/crc.org.ar\/w\/wp-json\/wp\/v2\/posts\/16428\/revisions\/16431"}],"wp:featuredmedia":[{"embeddable":true,"href":"https:\/\/crc.org.ar\/w\/wp-json\/wp\/v2\/media\/16429"}],"wp:attachment":[{"href":"https:\/\/crc.org.ar\/w\/wp-json\/wp\/v2\/media?parent=16428"}],"wp:term":[{"taxonomy":"category","embeddable":true,"href":"https:\/\/crc.org.ar\/w\/wp-json\/wp\/v2\/categories?post=16428"},{"taxonomy":"post_tag","embeddable":true,"href":"https:\/\/crc.org.ar\/w\/wp-json\/wp\/v2\/tags?post=16428"}],"curies":[{"name":"wp","href":"https:\/\/api.w.org\/{rel}","templated":true}]}}