{"id":16512,"date":"2019-02-17T20:30:42","date_gmt":"2019-02-17T23:30:42","guid":{"rendered":"https:\/\/crc.org.ar\/w\/?p=16512"},"modified":"2019-02-18T09:20:50","modified_gmt":"2019-02-18T12:20:50","slug":"rotundo-exito-para-la-regata-de-verano-2019","status":"publish","type":"post","link":"https:\/\/crc.org.ar\/w\/rotundo-exito-para-la-regata-de-verano-2019\/","title":{"rendered":"Rotundo \u00e9xito para la regata de \u201cVerano 2019\u201d"},"content":{"rendered":"<p>(Domingo 17 de febrero de 2019). El pasado s\u00e1bado por la tarde, se llev\u00f3 a cabo con marcado \u00e9xito la primera actividad del calendario de remo, la regata de \u201cVerano 2019\u201d, que cont\u00f3 con la presencia m\u00e1s de 80 remeros, y donde se vivi\u00f3 un clima de felicidad y alegr\u00eda por la masividad de participantes.<\/p>\n<p><!--more--><\/p>\n<p><img loading=\"lazy\" decoding=\"async\" class=\"size-medium wp-image-16513 alignleft\" src=\"https:\/\/crc.org.ar\/w\/wp-content\/uploads\/2019\/02\/1-300x200.jpg\" alt=\"\" width=\"300\" height=\"200\" srcset=\"https:\/\/crc.org.ar\/w\/wp-content\/uploads\/2019\/02\/1-300x200.jpg 300w, https:\/\/crc.org.ar\/w\/wp-content\/uploads\/2019\/02\/1.jpg 640w\" sizes=\"(max-width: 300px) 100vw, 300px\" \/><\/p>\n<p>El s\u00e1bado a la tarde se realiz\u00f3 la regata de \u201cVerano 2019\u201d, con gran \u00e9xito de participantes y sobre todo con un clima sumamente positivo, entre veteranos y j\u00f3venes remeros del Club Regatas Corrientes, todo a cargo del flamante nuevo coordinador de remo, <strong>Harris Gonz\u00e1lez Escobar. <\/strong><\/p>\n<p>La regata cont\u00f3 con m\u00e1s de 80 remeros inscriptos, entre los que se encontraban promocionales y m\u00e1ster del club, aunque tambi\u00e9n participaron algunos remeros \u201csociales\u201d, y hasta se dio la vuelta al galp\u00f3n de botes de remeros que estaban alejados de la actividad.<\/p>\n<p>A las 16 del s\u00e1bado dio inicio la regata, cuando el coordinador de remo Harris Gonz\u00e1lez Escobar, dio unas palabras alusivas y marc\u00f3 como ser\u00eda la competencia, la cual m\u00e1s que un car\u00e1cter competitivo, ten\u00eda una intenci\u00f3n de uni\u00f3n dentro de la actividad y de captaci\u00f3n de nuevos remeros.<\/p>\n<p>La cancha de la regata estuvo delimitada desde el riacho que se ubica en el comienzo del Parque Mitre hasta el final del galp\u00f3n de botes, un trayecto de aproximadamente 250 metros en contra de la corriente, lo que le dio un grado mayor de dificultad a la competencia.<\/p>\n<p>La cancha tambi\u00e9n posibilit\u00f3 que se pueda presenciar toda la regata desde la playa del club, y mucho mejor desde las piletas del r\u00edo.<\/p>\n<p>En cuanto a las carreras, se dieron divididas por edades, entre los promocionales y los m\u00e1ster. En primer lugar fueron los par doble de los m\u00e1s peque\u00f1os, luego los par simples y despu\u00e9s los cu\u00e1druples y as\u00ed sucesivamente, siempre todo custodiado por la Prefectura Naval Argentina.<\/p>\n<p>As\u00ed, con un muy buen clima alegre y festivo, entre reencuentros de antiguos remeros, entre los m\u00e1s j\u00f3venes del deporte y tambi\u00e9n con novatos en la actividad, finaliz\u00f3 la primera regata de \u201cVerano 2019\u201d, que marc\u00f3 el inicio para un nuevo calendario del 2019, para el remo regatense.<\/p>\n<div id='gallery-1' class='gallery galleryid-16512 gallery-columns-4 gallery-size-thumbnail'><figure class='gallery-item'>\n\t\t\t<div class='gallery-icon landscape'>\n\t\t\t\t<a href='https:\/\/crc.org.ar\/w\/wp-content\/uploads\/2019\/02\/1.jpg'><img loading=\"lazy\" decoding=\"async\" width=\"150\" height=\"150\" src=\"https:\/\/crc.org.ar\/w\/wp-content\/uploads\/2019\/02\/1-150x150.jpg\" class=\"attachment-thumbnail size-thumbnail\" alt=\"\" \/><\/a>\n\t\t\t<\/div><\/figure><figure class='gallery-item'>\n\t\t\t<div class='gallery-icon landscape'>\n\t\t\t\t<a href='https:\/\/crc.org.ar\/w\/wp-content\/uploads\/2019\/02\/2.jpg'><img loading=\"lazy\" decoding=\"async\" width=\"150\" height=\"150\" src=\"https:\/\/crc.org.ar\/w\/wp-content\/uploads\/2019\/02\/2-150x150.jpg\" class=\"attachment-thumbnail size-thumbnail\" alt=\"\" \/><\/a>\n\t\t\t<\/div><\/figure><figure class='gallery-item'>\n\t\t\t<div class='gallery-icon landscape'>\n\t\t\t\t<a href='https:\/\/crc.org.ar\/w\/wp-content\/uploads\/2019\/02\/3.jpg'><img loading=\"lazy\" decoding=\"async\" width=\"150\" height=\"150\" src=\"https:\/\/crc.org.ar\/w\/wp-content\/uploads\/2019\/02\/3-150x150.jpg\" class=\"attachment-thumbnail size-thumbnail\" alt=\"\" \/><\/a>\n\t\t\t<\/div><\/figure><figure class='gallery-item'>\n\t\t\t<div class='gallery-icon landscape'>\n\t\t\t\t<a href='https:\/\/crc.org.ar\/w\/wp-content\/uploads\/2019\/02\/4.jpg'><img loading=\"lazy\" decoding=\"async\" width=\"150\" height=\"150\" src=\"https:\/\/crc.org.ar\/w\/wp-content\/uploads\/2019\/02\/4-150x150.jpg\" class=\"attachment-thumbnail size-thumbnail\" alt=\"\" \/><\/a>\n\t\t\t<\/div><\/figure><figure class='gallery-item'>\n\t\t\t<div class='gallery-icon landscape'>\n\t\t\t\t<a href='https:\/\/crc.org.ar\/w\/wp-content\/uploads\/2019\/02\/6.jpg'><img loading=\"lazy\" decoding=\"async\" width=\"150\" height=\"150\" src=\"https:\/\/crc.org.ar\/w\/wp-content\/uploads\/2019\/02\/6-150x150.jpg\" class=\"attachment-thumbnail size-thumbnail\" alt=\"\" \/><\/a>\n\t\t\t<\/div><\/figure><figure class='gallery-item'>\n\t\t\t<div class='gallery-icon landscape'>\n\t\t\t\t<a href='https:\/\/crc.org.ar\/w\/wp-content\/uploads\/2019\/02\/LARGADA.jpg'><img loading=\"lazy\" decoding=\"async\" width=\"150\" height=\"150\" src=\"https:\/\/crc.org.ar\/w\/wp-content\/uploads\/2019\/02\/LARGADA-150x150.jpg\" class=\"attachment-thumbnail size-thumbnail\" alt=\"\" \/><\/a>\n\t\t\t<\/div><\/figure><figure class='gallery-item'>\n\t\t\t<div class='gallery-icon landscape'>\n\t\t\t\t<a href='https:\/\/crc.org.ar\/w\/wp-content\/uploads\/2019\/02\/MASTER.jpg'><img loading=\"lazy\" decoding=\"async\" width=\"150\" height=\"150\" src=\"https:\/\/crc.org.ar\/w\/wp-content\/uploads\/2019\/02\/MASTER-150x150.jpg\" class=\"attachment-thumbnail size-thumbnail\" alt=\"\" \/><\/a>\n\t\t\t<\/div><\/figure><figure class='gallery-item'>\n\t\t\t<div class='gallery-icon landscape'>\n\t\t\t\t<a href='https:\/\/crc.org.ar\/w\/wp-content\/uploads\/2019\/02\/MASTER2.jpg'><img loading=\"lazy\" decoding=\"async\" width=\"150\" height=\"150\" src=\"https:\/\/crc.org.ar\/w\/wp-content\/uploads\/2019\/02\/MASTER2-150x150.jpg\" class=\"attachment-thumbnail size-thumbnail\" alt=\"\" \/><\/a>\n\t\t\t<\/div><\/figure>\n\t\t<\/div>\n\n","protected":false},"excerpt":{"rendered":"<p>(Domingo 17 de febrero de 2019). El pasado s\u00e1bado por la tarde, se llev\u00f3 a cabo con marcado \u00e9xito la primera actividad del calendario de remo, la regata de \u201cVerano 2019\u201d, que cont\u00f3 con la presencia m\u00e1s de 80 remeros, y donde se vivi\u00f3 un clima de felicidad y alegr\u00eda por la masividad de participantes. &hellip;<\/p>\n","protected":false},"author":1,"featured_media":16518,"comment_status":"closed","ping_status":"closed","sticky":false,"template":"","format":"standard","meta":{"footnotes":""},"categories":[156,18],"tags":[],"_links":{"self":[{"href":"https:\/\/crc.org.ar\/w\/wp-json\/wp\/v2\/posts\/16512"}],"collection":[{"href":"https:\/\/crc.org.ar\/w\/wp-json\/wp\/v2\/posts"}],"about":[{"href":"https:\/\/crc.org.ar\/w\/wp-json\/wp\/v2\/types\/post"}],"author":[{"embeddable":true,"href":"https:\/\/crc.org.ar\/w\/wp-json\/wp\/v2\/users\/1"}],"replies":[{"embeddable":true,"href":"https:\/\/crc.org.ar\/w\/wp-json\/wp\/v2\/comments?post=16512"}],"version-history":[{"count":3,"href":"https:\/\/crc.org.ar\/w\/wp-json\/wp\/v2\/posts\/16512\/revisions"}],"predecessor-version":[{"id":16527,"href":"https:\/\/crc.org.ar\/w\/wp-json\/wp\/v2\/posts\/16512\/revisions\/16527"}],"wp:featuredmedia":[{"embeddable":true,"href":"https:\/\/crc.org.ar\/w\/wp-json\/wp\/v2\/media\/16518"}],"wp:attachment":[{"href":"https:\/\/crc.org.ar\/w\/wp-json\/wp\/v2\/media?parent=16512"}],"wp:term":[{"taxonomy":"category","embeddable":true,"href":"https:\/\/crc.org.ar\/w\/wp-json\/wp\/v2\/categories?post=16512"},{"taxonomy":"post_tag","embeddable":true,"href":"https:\/\/crc.org.ar\/w\/wp-json\/wp\/v2\/tags?post=16512"}],"curies":[{"name":"wp","href":"https:\/\/api.w.org\/{rel}","templated":true}]}}