{"id":16556,"date":"2019-02-19T10:32:23","date_gmt":"2019-02-19T13:32:23","guid":{"rendered":"https:\/\/crc.org.ar\/w\/?p=16556"},"modified":"2019-02-19T10:32:23","modified_gmt":"2019-02-19T13:32:23","slug":"gaston-codina-se-quedo-con-el-tercer-abierto","status":"publish","type":"post","link":"https:\/\/crc.org.ar\/w\/gaston-codina-se-quedo-con-el-tercer-abierto\/","title":{"rendered":"Gast\u00f3n Codina se qued\u00f3 con el tercer Abierto"},"content":{"rendered":"<p>(Martes 19 de febrero de 2019). Con rotundo \u00e9xito se llev\u00f3 a cabo, el pasado fin de semana, la VII edici\u00f3n del Circuito Abierto de Verano de tenis de mesa del Club de Regatas Corrientes. La tercera fecha qued\u00f3 en manos de <strong>Gast\u00f3n Codina, Franco Simoni, Yamiel Zartor <\/strong>y<strong> Benjam\u00edn Maza.<\/strong><!--more--><\/p>\n<p><img loading=\"lazy\" decoding=\"async\" class=\"size-medium wp-image-16557 alignleft\" src=\"https:\/\/crc.org.ar\/w\/wp-content\/uploads\/2019\/02\/participantes-300x148.jpeg\" alt=\"\" width=\"300\" height=\"148\" srcset=\"https:\/\/crc.org.ar\/w\/wp-content\/uploads\/2019\/02\/participantes-300x148.jpeg 300w, https:\/\/crc.org.ar\/w\/wp-content\/uploads\/2019\/02\/participantes.jpeg 640w\" sizes=\"(max-width: 300px) 100vw, 300px\" \/>Jerarquizando la tercera fecha del Abierto de Verano 2019 de Tenis del Mesa del Club de Regatas Corrientes, tres jugadores del \u201cremero\u201d de Resistencia se cruzaron el Puente General Belgrano para participar de la ya tradicional competencia.<\/p>\n<p>En la categor\u00eda Primera, la m\u00e1s importante, uno de ellos, <strong>Gast\u00f3n Codina<\/strong>, se qued\u00f3 con el Torneo con la particularidad de no ceder ning\u00fan set tanto en la zona campeonato como en la llave final.<\/p>\n<p>El chaque\u00f1o Codina, en la llave arranc\u00f3 con bye (pas\u00f3 sin jugar), en cuartos venci\u00f3 a <strong>Cayetano Troia<\/strong>, en semifinales a <strong>Alfredo Puga<\/strong> y en la final a <strong>Alfredo Palacio<\/strong>, todos los partidos por 3 set a 0.<\/p>\n<p>En tanto los otros\u00a0 chaque\u00f1os, <strong>Francisco Massin <\/strong>y<strong> Fabi\u00e1n Baca<\/strong>, ambos cayeron en cuartos de final, lo que habla a las claras del nivel alcanzado por los representantes correntinos ante los chaque\u00f1os; toda una potencia en el tenis de mesa regional y del pa\u00eds.<\/p>\n<p>Sin lugar a dudas la categor\u00eda Primera fue la atracci\u00f3n de la fecha, con partidos de alt\u00edsimo nivel a la altura de cualquier competencia de primer nivel regional, lo que deja en claro que compitiendo se crece.<\/p>\n<p>Un cap\u00edtulo aparte para las categor\u00edas Promocionales, especialmente Tercera y Segunda que siguen creciendo y alimentando concretas esperanzas de una actividad a\u00fan m\u00e1s concurrida a lo largo de todo el a\u00f1o.<\/p>\n<p><strong>LOS PODIOS<\/strong><\/p>\n<p><strong>Primera:<\/strong> 1- Gast\u00f3n Codina (Regatas Resistencia), 2- Arturo Palacios, y 3 Federico Gallardo.<\/p>\n<p><strong>Segunda<\/strong>: 1- Franco Simoni, 2- Agust\u00edn Romero, y 3- Nicol\u00e1s N\u00fa\u00f1ez.<\/p>\n<p><strong>Tercera<\/strong>: 1- Yamel Zartor, 2- Enzo Camola, y 3- Facundo Salvatierra.<\/p>\n<p><strong>Cuarta<\/strong>: 1- Benjam\u00edn Maza, 2- \u201cCacho\u201d Acosta, y 3- \u201cJuani\u201d Romero.<\/p>\n<p>&nbsp;<\/p>\n<div id='gallery-1' class='gallery galleryid-16556 gallery-columns-5 gallery-size-thumbnail'><figure class='gallery-item'>\n\t\t\t<div class='gallery-icon landscape'>\n\t\t\t\t<a href='https:\/\/crc.org.ar\/w\/wp-content\/uploads\/2019\/02\/Tercera.jpeg'><img loading=\"lazy\" decoding=\"async\" width=\"150\" height=\"150\" src=\"https:\/\/crc.org.ar\/w\/wp-content\/uploads\/2019\/02\/Tercera-150x150.jpeg\" class=\"attachment-thumbnail size-thumbnail\" alt=\"\" \/><\/a>\n\t\t\t<\/div><\/figure><figure class='gallery-item'>\n\t\t\t<div class='gallery-icon portrait'>\n\t\t\t\t<a href='https:\/\/crc.org.ar\/w\/wp-content\/uploads\/2019\/02\/segunda.jpeg'><img loading=\"lazy\" decoding=\"async\" width=\"150\" height=\"150\" src=\"https:\/\/crc.org.ar\/w\/wp-content\/uploads\/2019\/02\/segunda-150x150.jpeg\" class=\"attachment-thumbnail size-thumbnail\" alt=\"\" \/><\/a>\n\t\t\t<\/div><\/figure><figure class='gallery-item'>\n\t\t\t<div class='gallery-icon landscape'>\n\t\t\t\t<a href='https:\/\/crc.org.ar\/w\/wp-content\/uploads\/2019\/02\/salvatierra.jpeg'><img loading=\"lazy\" decoding=\"async\" width=\"150\" height=\"150\" src=\"https:\/\/crc.org.ar\/w\/wp-content\/uploads\/2019\/02\/salvatierra-150x150.jpeg\" class=\"attachment-thumbnail size-thumbnail\" alt=\"\" \/><\/a>\n\t\t\t<\/div><\/figure><figure class='gallery-item'>\n\t\t\t<div class='gallery-icon landscape'>\n\t\t\t\t<a href='https:\/\/crc.org.ar\/w\/wp-content\/uploads\/2019\/02\/salon-de-fiesta.jpeg'><img loading=\"lazy\" decoding=\"async\" width=\"150\" height=\"150\" src=\"https:\/\/crc.org.ar\/w\/wp-content\/uploads\/2019\/02\/salon-de-fiesta-150x150.jpeg\" class=\"attachment-thumbnail size-thumbnail\" alt=\"\" \/><\/a>\n\t\t\t<\/div><\/figure><figure class='gallery-item'>\n\t\t\t<div class='gallery-icon portrait'>\n\t\t\t\t<a href='https:\/\/crc.org.ar\/w\/wp-content\/uploads\/2019\/02\/romero.jpeg'><img loading=\"lazy\" decoding=\"async\" width=\"150\" height=\"150\" src=\"https:\/\/crc.org.ar\/w\/wp-content\/uploads\/2019\/02\/romero-150x150.jpeg\" class=\"attachment-thumbnail size-thumbnail\" alt=\"\" \/><\/a>\n\t\t\t<\/div><\/figure><figure class='gallery-item'>\n\t\t\t<div class='gallery-icon portrait'>\n\t\t\t\t<a href='https:\/\/crc.org.ar\/w\/wp-content\/uploads\/2019\/02\/primera.jpeg'><img loading=\"lazy\" decoding=\"async\" width=\"150\" height=\"150\" src=\"https:\/\/crc.org.ar\/w\/wp-content\/uploads\/2019\/02\/primera-150x150.jpeg\" class=\"attachment-thumbnail size-thumbnail\" alt=\"\" \/><\/a>\n\t\t\t<\/div><\/figure><figure class='gallery-item'>\n\t\t\t<div class='gallery-icon landscape'>\n\t\t\t\t<a href='https:\/\/crc.org.ar\/w\/wp-content\/uploads\/2019\/02\/participantes1.jpeg'><img loading=\"lazy\" decoding=\"async\" width=\"150\" height=\"150\" src=\"https:\/\/crc.org.ar\/w\/wp-content\/uploads\/2019\/02\/participantes1-150x150.jpeg\" class=\"attachment-thumbnail size-thumbnail\" alt=\"\" \/><\/a>\n\t\t\t<\/div><\/figure><figure class='gallery-item'>\n\t\t\t<div class='gallery-icon landscape'>\n\t\t\t\t<a href='https:\/\/crc.org.ar\/w\/wp-content\/uploads\/2019\/02\/participantes-1.jpeg'><img loading=\"lazy\" decoding=\"async\" width=\"150\" height=\"150\" src=\"https:\/\/crc.org.ar\/w\/wp-content\/uploads\/2019\/02\/participantes-1-150x150.jpeg\" class=\"attachment-thumbnail size-thumbnail\" alt=\"\" \/><\/a>\n\t\t\t<\/div><\/figure><figure class='gallery-item'>\n\t\t\t<div class='gallery-icon portrait'>\n\t\t\t\t<a href='https:\/\/crc.org.ar\/w\/wp-content\/uploads\/2019\/02\/gallardo.jpeg'><img loading=\"lazy\" decoding=\"async\" width=\"150\" height=\"150\" src=\"https:\/\/crc.org.ar\/w\/wp-content\/uploads\/2019\/02\/gallardo-150x150.jpeg\" class=\"attachment-thumbnail size-thumbnail\" alt=\"\" \/><\/a>\n\t\t\t<\/div><\/figure><figure class='gallery-item'>\n\t\t\t<div class='gallery-icon portrait'>\n\t\t\t\t<a href='https:\/\/crc.org.ar\/w\/wp-content\/uploads\/2019\/02\/cuarta.jpeg'><img loading=\"lazy\" decoding=\"async\" width=\"150\" height=\"150\" src=\"https:\/\/crc.org.ar\/w\/wp-content\/uploads\/2019\/02\/cuarta-150x150.jpeg\" class=\"attachment-thumbnail size-thumbnail\" alt=\"\" \/><\/a>\n\t\t\t<\/div><\/figure><figure class='gallery-item'>\n\t\t\t<div class='gallery-icon landscape'>\n\t\t\t\t<a href='https:\/\/crc.org.ar\/w\/wp-content\/uploads\/2019\/02\/cuarta-1.jpeg'><img loading=\"lazy\" decoding=\"async\" width=\"150\" height=\"150\" src=\"https:\/\/crc.org.ar\/w\/wp-content\/uploads\/2019\/02\/cuarta-1-150x150.jpeg\" class=\"attachment-thumbnail size-thumbnail\" alt=\"\" \/><\/a>\n\t\t\t<\/div><\/figure><figure class='gallery-item'>\n\t\t\t<div class='gallery-icon landscape'>\n\t\t\t\t<a href='https:\/\/crc.org.ar\/w\/wp-content\/uploads\/2019\/02\/participantes.jpeg'><img loading=\"lazy\" decoding=\"async\" width=\"150\" height=\"150\" src=\"https:\/\/crc.org.ar\/w\/wp-content\/uploads\/2019\/02\/participantes-150x150.jpeg\" class=\"attachment-thumbnail size-thumbnail\" alt=\"\" \/><\/a>\n\t\t\t<\/div><\/figure>\n\t\t<\/div>\n\n","protected":false},"excerpt":{"rendered":"<p>(Martes 19 de febrero de 2019). Con rotundo \u00e9xito se llev\u00f3 a cabo, el pasado fin de semana, la VII edici\u00f3n del Circuito Abierto de Verano de tenis de mesa del Club de Regatas Corrientes. La tercera fecha qued\u00f3 en manos de Gast\u00f3n Codina, Franco Simoni, Yamiel Zartor y Benjam\u00edn Maza. Jerarquizando la tercera fecha &hellip;<\/p>\n","protected":false},"author":1,"featured_media":16569,"comment_status":"closed","ping_status":"closed","sticky":false,"template":"","format":"standard","meta":{"footnotes":""},"categories":[156,13],"tags":[],"_links":{"self":[{"href":"https:\/\/crc.org.ar\/w\/wp-json\/wp\/v2\/posts\/16556"}],"collection":[{"href":"https:\/\/crc.org.ar\/w\/wp-json\/wp\/v2\/posts"}],"about":[{"href":"https:\/\/crc.org.ar\/w\/wp-json\/wp\/v2\/types\/post"}],"author":[{"embeddable":true,"href":"https:\/\/crc.org.ar\/w\/wp-json\/wp\/v2\/users\/1"}],"replies":[{"embeddable":true,"href":"https:\/\/crc.org.ar\/w\/wp-json\/wp\/v2\/comments?post=16556"}],"version-history":[{"count":1,"href":"https:\/\/crc.org.ar\/w\/wp-json\/wp\/v2\/posts\/16556\/revisions"}],"predecessor-version":[{"id":16570,"href":"https:\/\/crc.org.ar\/w\/wp-json\/wp\/v2\/posts\/16556\/revisions\/16570"}],"wp:featuredmedia":[{"embeddable":true,"href":"https:\/\/crc.org.ar\/w\/wp-json\/wp\/v2\/media\/16569"}],"wp:attachment":[{"href":"https:\/\/crc.org.ar\/w\/wp-json\/wp\/v2\/media?parent=16556"}],"wp:term":[{"taxonomy":"category","embeddable":true,"href":"https:\/\/crc.org.ar\/w\/wp-json\/wp\/v2\/categories?post=16556"},{"taxonomy":"post_tag","embeddable":true,"href":"https:\/\/crc.org.ar\/w\/wp-json\/wp\/v2\/tags?post=16556"}],"curies":[{"name":"wp","href":"https:\/\/api.w.org\/{rel}","templated":true}]}}