{"id":16630,"date":"2019-02-20T13:16:07","date_gmt":"2019-02-20T16:16:07","guid":{"rendered":"https:\/\/crc.org.ar\/w\/?p=16630"},"modified":"2019-02-20T13:17:49","modified_gmt":"2019-02-20T16:17:49","slug":"alejandro-vera-nuevamente-convocado-para-la-copa-america","status":"publish","type":"post","link":"https:\/\/crc.org.ar\/w\/alejandro-vera-nuevamente-convocado-para-la-copa-america\/","title":{"rendered":"Alejandro Vera nuevamente convocado para la Copa Am\u00e9rica"},"content":{"rendered":"<p>(Mi\u00e9rcoles 20 de febrero de 2019). El remero del Club de Regatas Corrientes, <strong>Alejandro Vera<\/strong>, fue convocado para integrar la Selecci\u00f3n Nacional para una nueva edici\u00f3n de la Copa Am\u00e9rica, que se llevar\u00e1 cabo en Nordelta del 13 al 16 de marzo pr\u00f3ximo.<!--more--><\/p>\n<p><img loading=\"lazy\" decoding=\"async\" class=\"size-medium wp-image-16631 alignleft\" src=\"https:\/\/crc.org.ar\/w\/wp-content\/uploads\/2019\/02\/Ale-Vera-copia-234x300.jpg\" alt=\"\" width=\"234\" height=\"300\" srcset=\"https:\/\/crc.org.ar\/w\/wp-content\/uploads\/2019\/02\/Ale-Vera-copia-234x300.jpg 234w, https:\/\/crc.org.ar\/w\/wp-content\/uploads\/2019\/02\/Ale-Vera-copia.jpg 480w\" sizes=\"(max-width: 234px) 100vw, 234px\" \/>Como en la edici\u00f3n 2018, en donde se colg\u00f3 la medalla de oro, el remero del Club de Regatas Corrientes, <strong>Alejandro Vera<\/strong>, volver\u00e1 a representar al pa\u00eds en la Copa Am\u00e9rica, que se llevar\u00e1 cabo del 13 al 16 de marzo pr\u00f3ximo en el Nordelta Argentino.<\/p>\n<p>De esta manera el remero regatense inicia de la mejor manera el 2019, que precisamente se inicio con una concentraci\u00f3n y evaluaci\u00f3n nacional, el \u00faltimo enero, en donde tuvo tiempos verdaderamente excelentes.<\/p>\n<p>All\u00ed se defini\u00f3 la nueva convocatoria para integrar la Selecci\u00f3n Argentina, ya que en \u201cergo\u201d clav\u00f3 exactamente 18 minutos, en 4.000 metros, obviamente todav\u00eda con carga; siendo en 2018 su mejor registro, con puesta a punto, de 18 minutos y 36 segundos.<\/p>\n<p>En tanto en agua, siempre en 4.000 metros, su tiempo fue mucho m\u00e1s bajo a\u00fan respecto a la temporada anterior. Su tiempo fue de 22 minutos y 7 segundos; en tanto en 2018 ten\u00eda un registro de 26 minutos y 13 segundos.<\/p>\n<p><strong>NUEVA\u00a0<\/strong><b>CONCENTRACI\u00d3N<\/b><\/p>\n<p>Ahora Vera deber\u00e1 volver a una concentraci\u00f3n Nacional. Ser\u00e1 del 24 de febrero al 3 de marzo, ya con pruebas de 6 kil\u00f3metros en ergo y agua, y 14 kil\u00f3metros contra reloj; y esta vez 400 metros de nataci\u00f3n.<\/p>\n","protected":false},"excerpt":{"rendered":"<p>(Mi\u00e9rcoles 20 de febrero de 2019). El remero del Club de Regatas Corrientes, Alejandro Vera, fue convocado para integrar la Selecci\u00f3n Nacional para una nueva edici\u00f3n de la Copa Am\u00e9rica, que se llevar\u00e1 cabo en Nordelta del 13 al 16 de marzo pr\u00f3ximo. Como en la edici\u00f3n 2018, en donde se colg\u00f3 la medalla de &hellip;<\/p>\n","protected":false},"author":1,"featured_media":16635,"comment_status":"closed","ping_status":"closed","sticky":false,"template":"","format":"standard","meta":{"footnotes":""},"categories":[156,18],"tags":[],"_links":{"self":[{"href":"https:\/\/crc.org.ar\/w\/wp-json\/wp\/v2\/posts\/16630"}],"collection":[{"href":"https:\/\/crc.org.ar\/w\/wp-json\/wp\/v2\/posts"}],"about":[{"href":"https:\/\/crc.org.ar\/w\/wp-json\/wp\/v2\/types\/post"}],"author":[{"embeddable":true,"href":"https:\/\/crc.org.ar\/w\/wp-json\/wp\/v2\/users\/1"}],"replies":[{"embeddable":true,"href":"https:\/\/crc.org.ar\/w\/wp-json\/wp\/v2\/comments?post=16630"}],"version-history":[{"count":2,"href":"https:\/\/crc.org.ar\/w\/wp-json\/wp\/v2\/posts\/16630\/revisions"}],"predecessor-version":[{"id":16634,"href":"https:\/\/crc.org.ar\/w\/wp-json\/wp\/v2\/posts\/16630\/revisions\/16634"}],"wp:featuredmedia":[{"embeddable":true,"href":"https:\/\/crc.org.ar\/w\/wp-json\/wp\/v2\/media\/16635"}],"wp:attachment":[{"href":"https:\/\/crc.org.ar\/w\/wp-json\/wp\/v2\/media?parent=16630"}],"wp:term":[{"taxonomy":"category","embeddable":true,"href":"https:\/\/crc.org.ar\/w\/wp-json\/wp\/v2\/categories?post=16630"},{"taxonomy":"post_tag","embeddable":true,"href":"https:\/\/crc.org.ar\/w\/wp-json\/wp\/v2\/tags?post=16630"}],"curies":[{"name":"wp","href":"https:\/\/api.w.org\/{rel}","templated":true}]}}