{"id":16759,"date":"2019-02-26T12:41:21","date_gmt":"2019-02-26T15:41:21","guid":{"rendered":"https:\/\/crc.org.ar\/w\/?p=16759"},"modified":"2019-02-26T12:42:17","modified_gmt":"2019-02-26T15:42:17","slug":"travesia-de-12-kilometros-por-el-parana","status":"publish","type":"post","link":"https:\/\/crc.org.ar\/w\/travesia-de-12-kilometros-por-el-parana\/","title":{"rendered":"Traves\u00eda de 12 kil\u00f3metros por el Paran\u00e1"},"content":{"rendered":"<p>(Martes 26 de febrero de 2019). El pr\u00f3ximo s\u00e1bado, a las 16 horas, se llevar\u00e1 a cabo la primera Traves\u00eda de 12 kil\u00f3metros de remo por el Paran\u00e1. Las inscripciones est\u00e1n abiertas, en el galp\u00f3n de botes con cupos limitados, hasta este jueves.<!--more--><\/p>\n<p><a href=\"https:\/\/crc.org.ar\/w\/wp-content\/uploads\/2019\/02\/remo6-2.jpg\"><img loading=\"lazy\" decoding=\"async\" class=\"size-medium wp-image-16760 alignleft\" src=\"https:\/\/crc.org.ar\/w\/wp-content\/uploads\/2019\/02\/remo6-2-300x226.jpg\" alt=\"\" width=\"300\" height=\"226\" srcset=\"https:\/\/crc.org.ar\/w\/wp-content\/uploads\/2019\/02\/remo6-2-300x226.jpg 300w, https:\/\/crc.org.ar\/w\/wp-content\/uploads\/2019\/02\/remo6-2.jpg 637w\" sizes=\"(max-width: 300px) 100vw, 300px\" \/><\/a><\/p>\n<p>Tras el \u00e9xito rotundo de la primera \u201cRegata de Carnaval\u201d y en cumplimiento del calendario 2019, planificada por el coordinador <strong>Harris Gonz\u00e1lez Escobar<\/strong>, este s\u00e1bado se llevar\u00e1 adelante la segunda actividad de remo.<\/p>\n<p>Ser\u00e1 la primera Traves\u00eda de 12 kil\u00f3metros de remo por el r\u00edo Paran\u00e1, con un tiempo de recorrido de aproximadamente dos horas, y que tendr\u00e1 su inicio a las 16 horas (concentraci\u00f3n a las 15 horas) en la sede de la instituci\u00f3n remera.<\/p>\n<p>Por tal motivo se encuentra abierta la inscripci\u00f3n, que tiene cupos limitados (hasta cincuenta remeros), en el galp\u00f3n de botes regatense, en los horarios de entrenamiento y de la Escuelita de remo; y que se extender\u00e1 hasta este jueves.<\/p>\n<p>Los remeros que podr\u00e1n participar son los mayores de 16 a\u00f1os, en tanto que para timoneles la edad m\u00ednima qued\u00f3 fijada en 12 a\u00f1os; siempre con un tope de 50 remeros, por razones de estricta seguridad.<\/p>\n<p><b>AS\u00cd<\/b><strong>\u00a0SIGUE<\/strong><\/p>\n<p>La actividad continuar\u00e1 el 23 de marzo con la segunda regata de \u201cVerano 2019\u201d, cierre de la temporada veraniega, tambi\u00e9n abierta para todo remos <a href=\"https:\/\/crc.org.ar\/w\/wp-content\/uploads\/2019\/02\/remo37-1.jpg\"><img loading=\"lazy\" decoding=\"async\" class=\"size-medium wp-image-16761 alignright\" src=\"https:\/\/crc.org.ar\/w\/wp-content\/uploads\/2019\/02\/remo37-1-300x217.jpg\" alt=\"\" width=\"300\" height=\"217\" srcset=\"https:\/\/crc.org.ar\/w\/wp-content\/uploads\/2019\/02\/remo37-1-300x217.jpg 300w, https:\/\/crc.org.ar\/w\/wp-content\/uploads\/2019\/02\/remo37-1.jpg 640w\" sizes=\"(max-width: 300px) 100vw, 300px\" \/><\/a>del club y en donde participaran los remeros promocionales, federados y master, adem\u00e1s de socios interesados.<\/p>\n<p>El cronograma de actividades, al menos para la primera parte del a\u00f1o, se cerrar\u00e1 el 13 de abril con la regata \u201cAlberto Dimidi\u201d, en conmoraci\u00f3n del D\u00eda del Remero Argentino que es el 11 de abril.<\/p>\n","protected":false},"excerpt":{"rendered":"<p>(Martes 26 de febrero de 2019). El pr\u00f3ximo s\u00e1bado, a las 16 horas, se llevar\u00e1 a cabo la primera Traves\u00eda de 12 kil\u00f3metros de remo por el Paran\u00e1. Las inscripciones est\u00e1n abiertas, en el galp\u00f3n de botes con cupos limitados, hasta este jueves. Tras el \u00e9xito rotundo de la primera \u201cRegata de Carnaval\u201d y en &hellip;<\/p>\n","protected":false},"author":1,"featured_media":16762,"comment_status":"closed","ping_status":"closed","sticky":false,"template":"","format":"standard","meta":{"footnotes":""},"categories":[156,18],"tags":[],"_links":{"self":[{"href":"https:\/\/crc.org.ar\/w\/wp-json\/wp\/v2\/posts\/16759"}],"collection":[{"href":"https:\/\/crc.org.ar\/w\/wp-json\/wp\/v2\/posts"}],"about":[{"href":"https:\/\/crc.org.ar\/w\/wp-json\/wp\/v2\/types\/post"}],"author":[{"embeddable":true,"href":"https:\/\/crc.org.ar\/w\/wp-json\/wp\/v2\/users\/1"}],"replies":[{"embeddable":true,"href":"https:\/\/crc.org.ar\/w\/wp-json\/wp\/v2\/comments?post=16759"}],"version-history":[{"count":2,"href":"https:\/\/crc.org.ar\/w\/wp-json\/wp\/v2\/posts\/16759\/revisions"}],"predecessor-version":[{"id":16764,"href":"https:\/\/crc.org.ar\/w\/wp-json\/wp\/v2\/posts\/16759\/revisions\/16764"}],"wp:featuredmedia":[{"embeddable":true,"href":"https:\/\/crc.org.ar\/w\/wp-json\/wp\/v2\/media\/16762"}],"wp:attachment":[{"href":"https:\/\/crc.org.ar\/w\/wp-json\/wp\/v2\/media?parent=16759"}],"wp:term":[{"taxonomy":"category","embeddable":true,"href":"https:\/\/crc.org.ar\/w\/wp-json\/wp\/v2\/categories?post=16759"},{"taxonomy":"post_tag","embeddable":true,"href":"https:\/\/crc.org.ar\/w\/wp-json\/wp\/v2\/tags?post=16759"}],"curies":[{"name":"wp","href":"https:\/\/api.w.org\/{rel}","templated":true}]}}