{"id":16819,"date":"2019-03-01T15:12:16","date_gmt":"2019-03-01T18:12:16","guid":{"rendered":"https:\/\/crc.org.ar\/w\/?p=16819"},"modified":"2019-03-01T15:12:16","modified_gmt":"2019-03-01T18:12:16","slug":"el-remo-realiza-la-travesia-de-12-kilometros-por-el-parana","status":"publish","type":"post","link":"https:\/\/crc.org.ar\/w\/el-remo-realiza-la-travesia-de-12-kilometros-por-el-parana\/","title":{"rendered":"El remo realiza la traves\u00eda de 12 kil\u00f3metros por el Paran\u00e1"},"content":{"rendered":"<p>(Viernes 1 de marzo de 2019). Este s\u00e1bado, a partir de las 16 horas, con la participaci\u00f3n de cincuenta remeros, se llevar\u00e1 a cabo la primera Traves\u00eda de 12 kil\u00f3metros de remo por el Paran\u00e1. R\u00e9cord de participantes (cupo limitado por razones de seguridad), con diez remeros en lista de espera.<\/p>\n<p><!--more--><\/p>\n<p><strong>Mauricio Chequ\u00edn, Walter Chequ\u00edn, Joaqu\u00edn Jacobo, Brenda Sastorain, Ra\u00fal Sim\u00f3n, Maximiliano Reichel, Diego Moreira, Guido Encina, Agostina Manzotti, Joaqu\u00edn L\u00f3pez, Irina Zibelman, Sof\u00eda Vidaillet, Roxana Salinas, Jonatan Pineda, Sebasti\u00e1n Pineda, <\/strong>y<strong> Ram\u00f3n Fern\u00e1ndez.<\/strong><\/p>\n<p><strong> <a href=\"https:\/\/crc.org.ar\/w\/wp-content\/uploads\/2019\/03\/remo-travesia.jpg\"><img loading=\"lazy\" decoding=\"async\" class=\"size-medium wp-image-16820 alignleft\" src=\"https:\/\/crc.org.ar\/w\/wp-content\/uploads\/2019\/03\/remo-travesia-300x147.jpg\" alt=\"\" width=\"300\" height=\"147\" srcset=\"https:\/\/crc.org.ar\/w\/wp-content\/uploads\/2019\/03\/remo-travesia-300x147.jpg 300w, https:\/\/crc.org.ar\/w\/wp-content\/uploads\/2019\/03\/remo-travesia.jpg 640w\" sizes=\"(max-width: 300px) 100vw, 300px\" \/><\/a><\/strong><strong>Alejandro Luna, Tomas Romero, Daniel G\u00f3mez, Tomas Gonz\u00e1lez, Mar\u00eda Laura Fari\u00f1a, Josefina Tomasella, Juan Gargir\u00e1n, Natalia Ch\u00e1vez, Luz Fedullo, Atilio R\u00faveda, Angel, Luis Salva, Mar\u00eda Victoria Sellianes, Jos\u00e9 Aguilar, H\u00e9ctor Acosta, Facundo Acosta, <\/strong>y<strong> Mariel Lirussi.<\/strong><\/p>\n<p><strong>\u00a0<\/strong><strong>Octavio Kriskovich, Rub\u00e9n Kriskovich, Mario Acosta, Mat\u00edas Acosta, Antoniano Rojas, M\u00eda Brunetto, Enrique G\u00f3mez, Fiorella M\u00e9ndez, Antonio M\u00e9ndez, Patricio Frettes, Maximiliano Marinoff, Lucrecia Salas, Carmelo Lacava, Ramiro Rodr\u00edguez, Cruz Rodr\u00edguez, <\/strong>y<strong> Pablo Romero <\/strong><\/p>\n<p><strong>Fernando Ort\u00edz, Ver\u00f3nica Chequ\u00edn, Carlos Osler, Milagro Osler, Nicol\u00e1s Duet, Diego Vidal, Elizabet Vallejos, Esteban Ib\u00e1\u00f1ez, Mariela Pato, Felipe Ojeda y Claudio Ojeda<\/strong>, completan la n\u00f3mina de los sesenta remeros inscriptos, diez en lista de espera, para ser parte de la Traves\u00eda de 12 kil\u00f3metros de remo por el Paran\u00e1.<\/p>\n<p>La Traves\u00eda, que ser\u00e1 este s\u00e1bado a partir de las 16 horas, tendr\u00e1 un recorrido de 12 kil\u00f3metros de remo por el r\u00edo Paran\u00e1, con un tiempo de aproximadamente dos horas; y que tendr\u00e1 su concentraci\u00f3n a las 15 horas en la sede de la instituci\u00f3n remera, m\u00e1s precisamente en el sector conocido como el galp\u00f3n de botes.<\/p>\n<p><b>AS\u00cd<\/b><strong>\u00a0SIGUE<\/strong><\/p>\n<p>La actividad continuar\u00e1 el 23 de marzo con la segunda regata de \u201cVerano 2019\u201d, cierre de la temporada veraniega, tambi\u00e9n abierta para todo remos del club y en donde participaran los remeros promocionales, federados y master, adem\u00e1s de socios interesados.<\/p>\n<p>El cronograma de actividades, al menos para la primera parte del a\u00f1o, se cerrar\u00e1 el 13 de abril con la regata \u201cAlberto Dimidi\u201d, en conmemoraci\u00f3n del D\u00eda del Remero Argentino que es el 11 de abril.<\/p>\n","protected":false},"excerpt":{"rendered":"<p>(Viernes 1 de marzo de 2019). Este s\u00e1bado, a partir de las 16 horas, con la participaci\u00f3n de cincuenta remeros, se llevar\u00e1 a cabo la primera Traves\u00eda de 12 kil\u00f3metros de remo por el Paran\u00e1. R\u00e9cord de participantes (cupo limitado por razones de seguridad), con diez remeros en lista de espera. Mauricio Chequ\u00edn, Walter Chequ\u00edn, &hellip;<\/p>\n","protected":false},"author":1,"featured_media":16821,"comment_status":"closed","ping_status":"closed","sticky":false,"template":"","format":"standard","meta":{"footnotes":""},"categories":[156,18],"tags":[],"_links":{"self":[{"href":"https:\/\/crc.org.ar\/w\/wp-json\/wp\/v2\/posts\/16819"}],"collection":[{"href":"https:\/\/crc.org.ar\/w\/wp-json\/wp\/v2\/posts"}],"about":[{"href":"https:\/\/crc.org.ar\/w\/wp-json\/wp\/v2\/types\/post"}],"author":[{"embeddable":true,"href":"https:\/\/crc.org.ar\/w\/wp-json\/wp\/v2\/users\/1"}],"replies":[{"embeddable":true,"href":"https:\/\/crc.org.ar\/w\/wp-json\/wp\/v2\/comments?post=16819"}],"version-history":[{"count":1,"href":"https:\/\/crc.org.ar\/w\/wp-json\/wp\/v2\/posts\/16819\/revisions"}],"predecessor-version":[{"id":16822,"href":"https:\/\/crc.org.ar\/w\/wp-json\/wp\/v2\/posts\/16819\/revisions\/16822"}],"wp:featuredmedia":[{"embeddable":true,"href":"https:\/\/crc.org.ar\/w\/wp-json\/wp\/v2\/media\/16821"}],"wp:attachment":[{"href":"https:\/\/crc.org.ar\/w\/wp-json\/wp\/v2\/media?parent=16819"}],"wp:term":[{"taxonomy":"category","embeddable":true,"href":"https:\/\/crc.org.ar\/w\/wp-json\/wp\/v2\/categories?post=16819"},{"taxonomy":"post_tag","embeddable":true,"href":"https:\/\/crc.org.ar\/w\/wp-json\/wp\/v2\/tags?post=16819"}],"curies":[{"name":"wp","href":"https:\/\/api.w.org\/{rel}","templated":true}]}}