{"id":17083,"date":"2019-03-08T11:56:11","date_gmt":"2019-03-08T14:56:11","guid":{"rendered":"https:\/\/crc.org.ar\/w\/?p=17083"},"modified":"2019-03-08T11:56:11","modified_gmt":"2019-03-08T14:56:11","slug":"nueva-exitosa-concentracion-de-vera-de-cara-a-la-copa-america","status":"publish","type":"post","link":"https:\/\/crc.org.ar\/w\/nueva-exitosa-concentracion-de-vera-de-cara-a-la-copa-america\/","title":{"rendered":"Nueva exitosa concentraci\u00f3n de Vera de cara a la Copa Am\u00e9rica"},"content":{"rendered":"<p>(Viernes 8 de marzo de 2019). El remero del Club de Regatas Corrientes, <strong>Alejandro Vera<\/strong>, convocado para integrar la Selecci\u00f3n Argentina para la Copa Am\u00e9rica, tuvo una nueva exigente y exitosa concentraci\u00f3n Nacional en Nordelta, en donde fue evaluado en remoerg\u00f3metro y agua, con excelentes resultados.<!--more--><\/p>\n<p><a href=\"https:\/\/crc.org.ar\/w\/wp-content\/uploads\/2019\/03\/Vera.jpeg\"><img loading=\"lazy\" decoding=\"async\" class=\"size-medium wp-image-17084 alignleft\" src=\"https:\/\/crc.org.ar\/w\/wp-content\/uploads\/2019\/03\/Vera-300x188.jpeg\" alt=\"\" width=\"300\" height=\"188\" srcset=\"https:\/\/crc.org.ar\/w\/wp-content\/uploads\/2019\/03\/Vera-300x188.jpeg 300w, https:\/\/crc.org.ar\/w\/wp-content\/uploads\/2019\/03\/Vera.jpeg 640w\" sizes=\"(max-width: 300px) 100vw, 300px\" \/><\/a>El remero del Club de Regatas Corrientes, <strong>Alejandro Vera<\/strong>, viene de una dur\u00edsima concentraci\u00f3n Nacional en Nordelta, en donde fue evaluado en remoerg\u00f3metro y agua, en 6 y 12 kil\u00f3metros.<\/p>\n<p>La concentraci\u00f3n Nacional sirvi\u00f3 adem\u00e1s para la puesta a punto del equipo que representar\u00e1 a la Argentina en una nueva edici\u00f3n de la Copa Am\u00e9rica, que se llevar\u00e1 cabo del 13 al 16 de marzo pr\u00f3ximo en el Nordelta Argentino.<\/p>\n<p>En el primer d\u00eda de evaluaci\u00f3n, en \u201cergo\u201d (como tradicionalmente le dicen los remeros al remoerg\u00f3metro), sobre una distancia de 6 kil\u00f3metros, Vera tuvo un tiempo de 27 minutos, 30 segundos y 6 cent\u00e9simas.<\/p>\n<p>En tanto ya en el agua, sobre la misma distancia, Vera cronometro un tiempo de 37 minutos, 49 segundos y 82 cent\u00e9simas; mientras que en la marat\u00f3nica prueba de 12 kil\u00f3metros, el remero regatense marc\u00f3 un tiempo de 1 hora, 5 minutos, y 58 segundos.<a href=\"https:\/\/crc.org.ar\/w\/wp-content\/uploads\/2019\/03\/vera1.jpeg\"><img loading=\"lazy\" decoding=\"async\" class=\"size-medium wp-image-17085 alignright\" src=\"https:\/\/crc.org.ar\/w\/wp-content\/uploads\/2019\/03\/vera1-300x142.jpeg\" alt=\"\" width=\"300\" height=\"142\" srcset=\"https:\/\/crc.org.ar\/w\/wp-content\/uploads\/2019\/03\/vera1-300x142.jpeg 300w, https:\/\/crc.org.ar\/w\/wp-content\/uploads\/2019\/03\/vera1.jpeg 640w\" sizes=\"(max-width: 300px) 100vw, 300px\" \/><\/a><\/p>\n<p>De esta manera el remero regatense contin\u00fao de la mejor manera el 2019, que continuar\u00e1 con la Copa Am\u00e9rica en la categor\u00eda 1x PR1; en donde Vera competir\u00e1 el s\u00e1bado 16, por lo que tendr\u00e1 una tirada previa el viernes 15 de 2 kil\u00f3metros para \u201ccalentar motores\u201d.<\/p>\n<p>Por tal motivo, el remero del Club de Regatas Corrientes, <strong>Alejandro Vera<\/strong> estar\u00e1 viajando este jueves a Buenos Aires en busca de repetir la medalla de oro que logr\u00f3 en la Copa Am\u00e9rica 2018.<\/p>\n","protected":false},"excerpt":{"rendered":"<p>(Viernes 8 de marzo de 2019). El remero del Club de Regatas Corrientes, Alejandro Vera, convocado para integrar la Selecci\u00f3n Argentina para la Copa Am\u00e9rica, tuvo una nueva exigente y exitosa concentraci\u00f3n Nacional en Nordelta, en donde fue evaluado en remoerg\u00f3metro y agua, con excelentes resultados. El remero del Club de Regatas Corrientes, Alejandro Vera, &hellip;<\/p>\n","protected":false},"author":1,"featured_media":17085,"comment_status":"closed","ping_status":"closed","sticky":false,"template":"","format":"standard","meta":{"footnotes":""},"categories":[156,18],"tags":[],"_links":{"self":[{"href":"https:\/\/crc.org.ar\/w\/wp-json\/wp\/v2\/posts\/17083"}],"collection":[{"href":"https:\/\/crc.org.ar\/w\/wp-json\/wp\/v2\/posts"}],"about":[{"href":"https:\/\/crc.org.ar\/w\/wp-json\/wp\/v2\/types\/post"}],"author":[{"embeddable":true,"href":"https:\/\/crc.org.ar\/w\/wp-json\/wp\/v2\/users\/1"}],"replies":[{"embeddable":true,"href":"https:\/\/crc.org.ar\/w\/wp-json\/wp\/v2\/comments?post=17083"}],"version-history":[{"count":1,"href":"https:\/\/crc.org.ar\/w\/wp-json\/wp\/v2\/posts\/17083\/revisions"}],"predecessor-version":[{"id":17086,"href":"https:\/\/crc.org.ar\/w\/wp-json\/wp\/v2\/posts\/17083\/revisions\/17086"}],"wp:featuredmedia":[{"embeddable":true,"href":"https:\/\/crc.org.ar\/w\/wp-json\/wp\/v2\/media\/17085"}],"wp:attachment":[{"href":"https:\/\/crc.org.ar\/w\/wp-json\/wp\/v2\/media?parent=17083"}],"wp:term":[{"taxonomy":"category","embeddable":true,"href":"https:\/\/crc.org.ar\/w\/wp-json\/wp\/v2\/categories?post=17083"},{"taxonomy":"post_tag","embeddable":true,"href":"https:\/\/crc.org.ar\/w\/wp-json\/wp\/v2\/tags?post=17083"}],"curies":[{"name":"wp","href":"https:\/\/api.w.org\/{rel}","templated":true}]}}