{"id":17172,"date":"2019-03-13T17:32:46","date_gmt":"2019-03-13T20:32:46","guid":{"rendered":"https:\/\/crc.org.ar\/w\/?p=17172"},"modified":"2019-03-13T17:32:46","modified_gmt":"2019-03-13T20:32:46","slug":"alejandro-vera-viaja-a-tigre-para-defender-el-oro-de-la-copa-america","status":"publish","type":"post","link":"https:\/\/crc.org.ar\/w\/alejandro-vera-viaja-a-tigre-para-defender-el-oro-de-la-copa-america\/","title":{"rendered":"Alejandro Vera viaja a Tigre para defender el oro de la Copa Am\u00e9rica"},"content":{"rendered":"<p>(Mi\u00e9rcoles 13 de marzo de 2019). El remero del Club de Regatas Corrientes, <strong>Alejandro Vera<\/strong>, estar\u00e1 viajando este jueves a primera hora a Tigre, provincia de Buenos Aires, en donde el s\u00e1bado estar\u00e1 defendiendo el t\u00edtulo de la Copa Am\u00e9rica, lograda en 2018.<!--more--><\/p>\n<p><a href=\"https:\/\/crc.org.ar\/w\/wp-content\/uploads\/2019\/03\/Vera-1.jpeg\"><img loading=\"lazy\" decoding=\"async\" class=\"size-medium wp-image-17173 alignleft\" src=\"https:\/\/crc.org.ar\/w\/wp-content\/uploads\/2019\/03\/Vera-1-300x188.jpeg\" alt=\"\" width=\"300\" height=\"188\" srcset=\"https:\/\/crc.org.ar\/w\/wp-content\/uploads\/2019\/03\/Vera-1-300x188.jpeg 300w, https:\/\/crc.org.ar\/w\/wp-content\/uploads\/2019\/03\/Vera-1.jpeg 640w\" sizes=\"(max-width: 300px) 100vw, 300px\" \/><\/a>Despu\u00e9s de dos concentraciones dur\u00edsimas, con toma de tiempos con la Selecci\u00f3n Nacional, el remero del Club de Regatas Corrientes, <strong>Alejandro Vera<\/strong>, est\u00e1 listo par representar al pa\u00eds por segunda temporada consecutiva en la Copa Am\u00e9rica 2019.<\/p>\n<p>Por tal motivo este jueves, a primera hora de la ma\u00f1ana, Vera estar\u00e1 viajando a la Provincia de Buenos Aires, m\u00e1s precisamente a Tigre; en el emprendimiento inmobiliario conocido como Nordelta, en donde se llevar\u00e1 a cabo la competencia.<\/p>\n<p><strong>Vera<\/strong>, que en 2018 se consagr\u00f3 campe\u00f3n de la Copa Am\u00e9rica, realizar\u00e1 este viernes una tirada de 2.000 kil\u00f3metros para \u201ccalentar motores\u201d, el s\u00e1bado competir\u00e1 en la Copa Am\u00e9rica, y el domingo volver\u00e1 a realizar dos tiradas de entrenamiento con la Selecci\u00f3n.<\/p>\n<p>Recordemos que <strong>Alejandro Vera<\/strong>, viene de una dur\u00edsima concentraci\u00f3n Nacional en Nordelta, en donde fue evaluado en remoerg\u00f3metro y agua, en 6 y 12 kil\u00f3metros respectivamente.<\/p>\n<p>Y anteriormente, en otra concentraci\u00f3n, logr\u00f3 tiempos muy buenos en \u201cergo\u201d en donde clav\u00f3 18 minutos, en 4.000 metros, obviamente todav\u00eda con carga; siendo en 2018 su mejor registro, con puesta a punto, de 18 minutos y 36 segundos.<\/p>\n<p>En tanto en agua, siempre en 4.000 metros, su tiempo fue mucho m\u00e1s bajo a\u00fan respecto a la temporada anterior. Su tiempo fue de 22 minutos y 7 segundos; en tanto en 2018 ten\u00eda un registro de 26 minutos y 13 segundos<\/p>\n","protected":false},"excerpt":{"rendered":"<p>(Mi\u00e9rcoles 13 de marzo de 2019). El remero del Club de Regatas Corrientes, Alejandro Vera, estar\u00e1 viajando este jueves a primera hora a Tigre, provincia de Buenos Aires, en donde el s\u00e1bado estar\u00e1 defendiendo el t\u00edtulo de la Copa Am\u00e9rica, lograda en 2018. Despu\u00e9s de dos concentraciones dur\u00edsimas, con toma de tiempos con la Selecci\u00f3n &hellip;<\/p>\n","protected":false},"author":1,"featured_media":17174,"comment_status":"closed","ping_status":"closed","sticky":false,"template":"","format":"standard","meta":{"footnotes":""},"categories":[156,18],"tags":[],"_links":{"self":[{"href":"https:\/\/crc.org.ar\/w\/wp-json\/wp\/v2\/posts\/17172"}],"collection":[{"href":"https:\/\/crc.org.ar\/w\/wp-json\/wp\/v2\/posts"}],"about":[{"href":"https:\/\/crc.org.ar\/w\/wp-json\/wp\/v2\/types\/post"}],"author":[{"embeddable":true,"href":"https:\/\/crc.org.ar\/w\/wp-json\/wp\/v2\/users\/1"}],"replies":[{"embeddable":true,"href":"https:\/\/crc.org.ar\/w\/wp-json\/wp\/v2\/comments?post=17172"}],"version-history":[{"count":1,"href":"https:\/\/crc.org.ar\/w\/wp-json\/wp\/v2\/posts\/17172\/revisions"}],"predecessor-version":[{"id":17175,"href":"https:\/\/crc.org.ar\/w\/wp-json\/wp\/v2\/posts\/17172\/revisions\/17175"}],"wp:featuredmedia":[{"embeddable":true,"href":"https:\/\/crc.org.ar\/w\/wp-json\/wp\/v2\/media\/17174"}],"wp:attachment":[{"href":"https:\/\/crc.org.ar\/w\/wp-json\/wp\/v2\/media?parent=17172"}],"wp:term":[{"taxonomy":"category","embeddable":true,"href":"https:\/\/crc.org.ar\/w\/wp-json\/wp\/v2\/categories?post=17172"},{"taxonomy":"post_tag","embeddable":true,"href":"https:\/\/crc.org.ar\/w\/wp-json\/wp\/v2\/tags?post=17172"}],"curies":[{"name":"wp","href":"https:\/\/api.w.org\/{rel}","templated":true}]}}