{"id":17281,"date":"2019-03-18T12:14:58","date_gmt":"2019-03-18T15:14:58","guid":{"rendered":"https:\/\/crc.org.ar\/w\/?p=17281"},"modified":"2019-03-18T12:14:58","modified_gmt":"2019-03-18T15:14:58","slug":"alejandro-vera-campeon-de-la-copa-america-2019","status":"publish","type":"post","link":"https:\/\/crc.org.ar\/w\/alejandro-vera-campeon-de-la-copa-america-2019\/","title":{"rendered":"Alejandro Vera campe\u00f3n de la Copa Am\u00e9rica 2019"},"content":{"rendered":"<p>(Mi\u00e9rcoles 13 de marzo de 2019). El remero del Club de Regatas Corrientes, <strong>Alejandro Vera<\/strong>, por segundo a\u00f1o consecutivo se consagr\u00f3 campe\u00f3n de la Copa Am\u00e9rica, que se llev\u00f3 a cabo el \u00faltimo fin de semana en Nordelta, Tigre (Buenos Aires).<!--more--><\/p>\n<p><a href=\"https:\/\/crc.org.ar\/w\/wp-content\/uploads\/2019\/03\/Vera-2.jpeg\"><img loading=\"lazy\" decoding=\"async\" class=\"size-medium wp-image-17282 alignleft\" src=\"https:\/\/crc.org.ar\/w\/wp-content\/uploads\/2019\/03\/Vera-2-300x188.jpeg\" alt=\"\" width=\"300\" height=\"188\" srcset=\"https:\/\/crc.org.ar\/w\/wp-content\/uploads\/2019\/03\/Vera-2-300x188.jpeg 300w, https:\/\/crc.org.ar\/w\/wp-content\/uploads\/2019\/03\/Vera-2.jpeg 640w\" sizes=\"(max-width: 300px) 100vw, 300px\" \/><\/a>Repitiendo el logro de 2018, el remero del Club de Regatas Corrientes, <strong>Alejandro Vera<\/strong>, se consagr\u00f3 campe\u00f3n de la Copa Am\u00e9rica 2019, que se llev\u00f3 a cabo el \u00faltimo fin de semana en Nordelta, Tigre (Buenos Aires).<\/p>\n<p><strong>Alejandro Vera<\/strong> marc\u00f3 un tiempo de 11 minutos, 37 segundos y 75 cent\u00e9simas para colgarse la medalla de oro. En tanto <strong>Guido Salgado<\/strong> finaliz\u00f3 segundo con un registro de 13 minutos, 38 segundos y 79 cent\u00e9simas.<\/p>\n<p>Cabe se\u00f1alar que la distancia que corri\u00f3 Vera fue de 2.000 metros, con buen clima aunque viento cruzado, y en batea, por un problema netamente operativo de la organizaci\u00f3n, por la cantidad de remeros participantes.<\/p>\n<p>En la Copa Am\u00e9rica participaron adem\u00e1s de Argentina, Ecuador, Uruguay, Chile, y Paraguay, y sirvi\u00f3 de base para conformar la Selecci\u00f3n Argentina que participar\u00e1 en el Campeonato Sudamericano a realizarse en R\u00edo de Janeiro del 26 al 28 de abril pr\u00f3ximo.<\/p>\n<p>De esta manera el formidable remero del Club de Regatas Corrientes inici\u00f3 de la mejor manera el 2019, siempre en la categor\u00eda en la categor\u00eda 1x PR1, y como antesala del Campeonato Sudamericano de remo en R\u00edo.<\/p>\n","protected":false},"excerpt":{"rendered":"<p>(Mi\u00e9rcoles 13 de marzo de 2019). El remero del Club de Regatas Corrientes, Alejandro Vera, por segundo a\u00f1o consecutivo se consagr\u00f3 campe\u00f3n de la Copa Am\u00e9rica, que se llev\u00f3 a cabo el \u00faltimo fin de semana en Nordelta, Tigre (Buenos Aires). Repitiendo el logro de 2018, el remero del Club de Regatas Corrientes, Alejandro Vera, &hellip;<\/p>\n","protected":false},"author":1,"featured_media":17283,"comment_status":"closed","ping_status":"closed","sticky":false,"template":"","format":"standard","meta":{"footnotes":""},"categories":[156,18],"tags":[],"_links":{"self":[{"href":"https:\/\/crc.org.ar\/w\/wp-json\/wp\/v2\/posts\/17281"}],"collection":[{"href":"https:\/\/crc.org.ar\/w\/wp-json\/wp\/v2\/posts"}],"about":[{"href":"https:\/\/crc.org.ar\/w\/wp-json\/wp\/v2\/types\/post"}],"author":[{"embeddable":true,"href":"https:\/\/crc.org.ar\/w\/wp-json\/wp\/v2\/users\/1"}],"replies":[{"embeddable":true,"href":"https:\/\/crc.org.ar\/w\/wp-json\/wp\/v2\/comments?post=17281"}],"version-history":[{"count":1,"href":"https:\/\/crc.org.ar\/w\/wp-json\/wp\/v2\/posts\/17281\/revisions"}],"predecessor-version":[{"id":17284,"href":"https:\/\/crc.org.ar\/w\/wp-json\/wp\/v2\/posts\/17281\/revisions\/17284"}],"wp:featuredmedia":[{"embeddable":true,"href":"https:\/\/crc.org.ar\/w\/wp-json\/wp\/v2\/media\/17283"}],"wp:attachment":[{"href":"https:\/\/crc.org.ar\/w\/wp-json\/wp\/v2\/media?parent=17281"}],"wp:term":[{"taxonomy":"category","embeddable":true,"href":"https:\/\/crc.org.ar\/w\/wp-json\/wp\/v2\/categories?post=17281"},{"taxonomy":"post_tag","embeddable":true,"href":"https:\/\/crc.org.ar\/w\/wp-json\/wp\/v2\/tags?post=17281"}],"curies":[{"name":"wp","href":"https:\/\/api.w.org\/{rel}","templated":true}]}}