{"id":17369,"date":"2019-03-19T15:26:02","date_gmt":"2019-03-19T18:26:02","guid":{"rendered":"https:\/\/crc.org.ar\/w\/?p=17369"},"modified":"2019-03-19T15:26:02","modified_gmt":"2019-03-19T18:26:02","slug":"el-remo-propone-la-segunda-regata-de-verano","status":"publish","type":"post","link":"https:\/\/crc.org.ar\/w\/el-remo-propone-la-segunda-regata-de-verano\/","title":{"rendered":"El remo propone la segunda Regata de Verano"},"content":{"rendered":"<p>(Martes 19 de marzo de 2019). Este s\u00e1bado se llevar\u00e1 a cabo la segunda \u201cRegata de Verano\u201d, en el marco del calendario 2019 de actividades de la primera parte del a\u00f1o del remo, a cargo del coordinador <strong>Harris Gonz\u00e1lez Escobar.<\/strong><!--more--><\/p>\n<p>Despu\u00e9s de las exitosas convocatorias, que incluy\u00f3 a la primera \u201cRegatas de Verano\u201d y a la \u201cTraves\u00eda de 12 kil\u00f3metros por el Paran\u00e1\u201d, este s\u00e1bado se llevar\u00e1 a cabo la segunda \u201cRegata de Verano\u201d de remo.<\/p>\n<p>A la actividad se encuadra en el Calendario 2019 de remo, a cargo del instructor y entrenador internacional <strong>Harris Gonz\u00e1lez Escobar<\/strong>; y que finalizar\u00e1 el 13 de abril con la regata \u201cAlberto Dimidi\u201d, en conmoraci\u00f3n del D\u00eda del Remero Argentino.<\/p>\n<p>La actividad de la segunda \u201cRegata de Verano\u201d, cuya concentraci\u00f3n ser\u00e1 a las 15 horas, comenzar\u00e1 a las 16 horas, por la cual se invita a todos los remeros a seguir inscribi\u00e9ndose para participar, en el gal\u00f3n de botes del club.<\/p>\n<p>La competencia, de 500 metros, ser\u00e1 en el r\u00edo Paran\u00e1, frente a la costa del Club de Regatas Corrientes, r\u00edo arriba para que la llegada pueda ser presenciada en la punta Mitre o bien en las piletas flotantes de r\u00edo del Club organizador.<\/p>\n<p>Por tal motivo est\u00e1n todos invitados a participar o presenciar la regata, que sigue buscando cautivar a los j\u00f3venes a la pr\u00e1ctica del remo, actividad que conjura el deporte con la naturaleza en el majestuoso r\u00edo Paran\u00e1.<\/p>\n<p><strong>CARNET DE REMO<\/strong><\/p>\n<p>En otro orden, la Capitan\u00eda del Club de Regatas Corrientes, a cargo de <strong>Eduardo Mari\u00f1o Rey<\/strong>, informa que a partir del d\u00eda de la fecha deber\u00e1n, sin excepci\u00f3n, renovar el carnet de remo; por estrictas razones de seguridad.<\/p>\n<p><strong>\u00a0<\/strong>A tal efecto tendr\u00e1n a su disposici\u00f3n a los profesores <strong>Harris Gonz\u00e1lez Escobar, Jorge Duet, Tomas Gonz\u00e1lez y Nicolas Duet,<\/strong> a cargo de las pruebas correspondientes de lunes a viernes en el horario de 07:00 a 17.30 horas<\/p>\n<p><strong>\u00a0<\/strong>Por otra parte tambi\u00e9n se informa que la fecha l\u00edmite de renovaci\u00f3n es hasta el 30 de junio del presente a\u00f1o. Luego de esa fecha, no se admitir\u00e1n las salidas con carnets vencidos sin excepci\u00f3n.<\/p>\n<p><a href=\"https:\/\/crc.org.ar\/w\/wp-content\/uploads\/2019\/03\/regata45.jpg\"><img loading=\"lazy\" decoding=\"async\" class=\"size-full wp-image-17370 aligncenter\" src=\"https:\/\/crc.org.ar\/w\/wp-content\/uploads\/2019\/03\/regata45.jpg\" alt=\"\" width=\"640\" height=\"263\" srcset=\"https:\/\/crc.org.ar\/w\/wp-content\/uploads\/2019\/03\/regata45.jpg 640w, https:\/\/crc.org.ar\/w\/wp-content\/uploads\/2019\/03\/regata45-300x123.jpg 300w\" sizes=\"(max-width: 640px) 100vw, 640px\" \/><\/a><\/p>\n","protected":false},"excerpt":{"rendered":"<p>(Martes 19 de marzo de 2019). Este s\u00e1bado se llevar\u00e1 a cabo la segunda \u201cRegata de Verano\u201d, en el marco del calendario 2019 de actividades de la primera parte del a\u00f1o del remo, a cargo del coordinador Harris Gonz\u00e1lez Escobar. Despu\u00e9s de las exitosas convocatorias, que incluy\u00f3 a la primera \u201cRegatas de Verano\u201d y a &hellip;<\/p>\n","protected":false},"author":1,"featured_media":17370,"comment_status":"closed","ping_status":"closed","sticky":false,"template":"","format":"standard","meta":{"footnotes":""},"categories":[156,18],"tags":[],"_links":{"self":[{"href":"https:\/\/crc.org.ar\/w\/wp-json\/wp\/v2\/posts\/17369"}],"collection":[{"href":"https:\/\/crc.org.ar\/w\/wp-json\/wp\/v2\/posts"}],"about":[{"href":"https:\/\/crc.org.ar\/w\/wp-json\/wp\/v2\/types\/post"}],"author":[{"embeddable":true,"href":"https:\/\/crc.org.ar\/w\/wp-json\/wp\/v2\/users\/1"}],"replies":[{"embeddable":true,"href":"https:\/\/crc.org.ar\/w\/wp-json\/wp\/v2\/comments?post=17369"}],"version-history":[{"count":1,"href":"https:\/\/crc.org.ar\/w\/wp-json\/wp\/v2\/posts\/17369\/revisions"}],"predecessor-version":[{"id":17371,"href":"https:\/\/crc.org.ar\/w\/wp-json\/wp\/v2\/posts\/17369\/revisions\/17371"}],"wp:featuredmedia":[{"embeddable":true,"href":"https:\/\/crc.org.ar\/w\/wp-json\/wp\/v2\/media\/17370"}],"wp:attachment":[{"href":"https:\/\/crc.org.ar\/w\/wp-json\/wp\/v2\/media?parent=17369"}],"wp:term":[{"taxonomy":"category","embeddable":true,"href":"https:\/\/crc.org.ar\/w\/wp-json\/wp\/v2\/categories?post=17369"},{"taxonomy":"post_tag","embeddable":true,"href":"https:\/\/crc.org.ar\/w\/wp-json\/wp\/v2\/tags?post=17369"}],"curies":[{"name":"wp","href":"https:\/\/api.w.org\/{rel}","templated":true}]}}